{"id":1775,"date":"2026-04-28T08:51:05","date_gmt":"2026-04-28T08:51:05","guid":{"rendered":"https:\/\/decasablog.com.br\/pintura\/quadro-negro-adesivo-2m-x-45cm-para-parede-escrevivel\/"},"modified":"2026-04-28T08:51:05","modified_gmt":"2026-04-28T08:51:05","slug":"quadro-negro-adesivo-2m-x-45cm-para-parede-escrevivel","status":"publish","type":"post","link":"https:\/\/decasablog.com.br\/pintura\/quadro-negro-adesivo-2m-x-45cm-para-parede-escrevivel\/","title":{"rendered":"Quadro Negro Adesivo 2m x 45cm para Parede Escrev\u00edvel"},"content":{"rendered":"<p>O <strong>quadro negro autocolante<\/strong> \u00e9 uma solu\u00e7\u00e3o pr\u00e1tica e vers\u00e1til para transformar paredes comuns em espa\u00e7os funcionais de organiza\u00e7\u00e3o e criatividade. Segundo avalia\u00e7\u00f5es verificadas na Amazon Brasil, esse tipo de produto atende desde a decora\u00e7\u00e3o at\u00e9 a necessidade de comunica\u00e7\u00e3o visual em resid\u00eancias e escrit\u00f3rios, agregando valor ao ambiente com facilidade de uso. Com base em dados do produto e opini\u00f5es de usu\u00e1rios, este artigo oferece uma an\u00e1lise detalhada para auxiliar na escolha consciente.<\/p>\n<p>Escolher o adesivo de quadro negro ideal pode ser um desafio diante das diversas op\u00e7\u00f5es dispon\u00edveis na categoria Ferramentas e Materiais de Constru\u00e7\u00e3o, especialmente em Materiais de Pintura, Ferramentas e Tratamentos de Parede, e Adesivos e Murais de Parede. A variedade de materiais, dimens\u00f5es, e caracter\u00edsticas de aplica\u00e7\u00e3o influencia diretamente a experi\u00eancia do usu\u00e1rio, sendo fundamental considerar a origem, qualidade e funcionalidade do produto para evitar insatisfa\u00e7\u00e3o.<\/p>\n<p>De acordo com as especifica\u00e7\u00f5es t\u00e9cnicas do modelo Gen\u00e9rico, este quadro negro autocolante apresenta dimens\u00f5es de 45 cm de largura por 200 cm de altura, com material em PVC e vinil adesivo, pesando 250 gramas. Ele \u00e9 indicado para superf\u00edcies lisas e oferece facilidade na instala\u00e7\u00e3o e uso, podendo ser utilizado para anota\u00e7\u00f5es, listas e desenhos com giz comum, o que o torna uma ferramenta \u00fatil para organizar rotinas e ambientes dom\u00e9sticos ou profissionais.<\/p>\n<p>Este artigo avalia o produto Lousa Quadro Negro Adesivo de Parede Autocolante, modelo 2m x 45 cm (ASIN B0DX6XKRCV), considerando as caracter\u00edsticas t\u00e9cnicas e o feedback real de consumidores na Amazon Brasil. A an\u00e1lise busca entregar um panorama claro para quem deseja investir em um adesivo funcional, pr\u00e1tico e decorativo dentro da categoria Ferramentas e Materiais de Constru\u00e7\u00e3o > Materiais de Pintura, Ferramentas e Tratamentos de Parede > Adesivos e Murais de Parede.<\/p>\n<p><!-- AD PLACEMENT --><\/p>\n<h2><span class=\"ez-toc-section\" id=\"Visao_geral_do_quadro_negro_autocolante\"><\/span>Vis\u00e3o geral do quadro negro autocolante<span class=\"ez-toc-section-end\"><\/span><\/h2>\n<div style=\"background:#f5f5f5; border-left:4px solid orange; padding:12px; border-radius:6px; margin-bottom:16px;\">\n<strong>5 \u2605\u2605\u2605\u2605\u2605<\/strong> baseado em avalia\u00e7\u00f5es verificadas na Amazon Brasil.\n<small>Produto: Lousa Quadro Negro Adesivo de Parede Autocolante, Quadro Negro de parede 2m x 45 cm, Papel de parede de escrever \u2014 ASIN B0DX6XKRCV<\/small>\n<\/div>\n<div style=\"background:#fff; border:1px solid #e0e0e0; border-radius:8px; padding:16px; width:100%; box-shadow:0 2px 6px rgba(0,0,0,0.06); margin:16px 0;\">\n<img decoding=\"async\" src=\"https:\/\/m.media-amazon.com\/images\/I\/71PTEejVC5L._AC_SL1500_.jpg\" width=\"100%\" style=\"border-radius:8px; margin-bottom:12px; display:block;\" alt=\"Lousa Quadro Negro Adesivo de Parede Autocolante\"\/>\n<a href=\"https:\/\/amazon.com.br\/dp\/B0DX6XKRCV?tag=tinta01-20\" target=\"_blank\" rel=\"noopener sponsored\" style=\"display:block; width:100%; border-radius:999px; padding:13px; text-align:center; font-weight:bold; text-decoration:none; color:#111; background:linear-gradient(90deg, #FFE083, #F5C400);\">Ver na Amazon<\/a>\n<\/div>\n<p>Confira o pre\u00e7o atual e a disponibilidade diretamente na Amazon Brasil antes de decidir.<\/p>\n<p>O quadro negro autocolante \u00e9 um revestimento adesivo produzido em PVC e vinil, que pode ser aplicado em paredes lisas para criar uma superf\u00edcie de escrita com giz. Fabricado pela Gen\u00e9rico, este produto \u00e9 listado na categoria Ferramentas e Materiais de Constru\u00e7\u00e3o, especificamente em Materiais de Pintura, Ferramentas e Tratamentos de Parede e Adesivos e Murais de Parede. Com medidas de 45 cm de largura por 200 cm de altura, ele oferece amplo espa\u00e7o para anota\u00e7\u00f5es, listas e desenhos, sendo indicado para uso dom\u00e9stico e profissional.<\/p>\n<h2><span class=\"ez-toc-section\" id=\"Especificacoes_tecnicas_e_o_que_significam_na_pratica\"><\/span>Especifica\u00e7\u00f5es t\u00e9cnicas e o que significam na pr\u00e1tica<span class=\"ez-toc-section-end\"><\/span><\/h2>\n<table>\n<thead>\n<tr>\n<th>Especifica\u00e7\u00e3o<\/th>\n<th>Detalhe<\/th>\n<\/tr>\n<\/thead>\n<tbody>\n<tr>\n<td>Marca<\/td>\n<td>Gen\u00e9rico<\/td>\n<\/tr>\n<tr>\n<td>Modelo<\/td>\n<td>001<\/td>\n<\/tr>\n<tr>\n<td>Dimens\u00f5es<\/td>\n<td>45 cm (L) x 200 cm (A)<\/td>\n<\/tr>\n<tr>\n<td>Peso<\/td>\n<td>250 gramas<\/td>\n<\/tr>\n<tr>\n<td>Material<\/td>\n<td>Cloreto de polivinilo (PVC) e Vinil adesivo<\/td>\n<\/tr>\n<tr>\n<td>Montagem<\/td>\n<td>Adesivo de parede autocolante<\/td>\n<\/tr>\n<tr>\n<td>Cor<\/td>\n<td>Preto<\/td>\n<\/tr>\n<tr>\n<td>Orienta\u00e7\u00e3o<\/td>\n<td>Vertical<\/td>\n<\/tr>\n<tr>\n<td>Componentes inclu\u00eddos<\/td>\n<td>Quadro Negro, Superf\u00edcie para escrita com giz<\/td>\n<\/tr>\n<tr>\n<td>Garantia<\/td>\n<td>30 dias<\/td>\n<\/tr>\n<tr>\n<td>Ranking de vendas<\/td>\n<td>4.459 em Ferramentas e Materiais de Constru\u00e7\u00e3o, 25 em Adesivos e Murais de Parede<\/td>\n<\/tr>\n<\/tbody>\n<\/table>\n<p>As dimens\u00f5es de 45 cm por 200 cm proporcionam uma \u00e1rea vertical ampla para anota\u00e7\u00f5es, o que \u00e9 vantajoso para quem precisa de um espa\u00e7o funcional sem ocupar muito espa\u00e7o horizontal. O material em PVC com vinil adesivo confere resist\u00eancia e facilidade na aplica\u00e7\u00e3o, permitindo que o produto seja fixado em superf\u00edcies lisas sem a necessidade de ferramentas adicionais.<\/p><div id=\"ez-toc-container\" class=\"ez-toc-v2_0_82_2 counter-hierarchy ez-toc-counter ez-toc-grey ez-toc-container-direction\">\n<div class=\"ez-toc-title-container\">\n<p class=\"ez-toc-title\" style=\"cursor:inherit\">\u00cdndice<\/p>\n<span class=\"ez-toc-title-toggle\"><a href=\"#\" class=\"ez-toc-pull-right ez-toc-btn ez-toc-btn-xs ez-toc-btn-default ez-toc-toggle\" aria-label=\"Alternar tabela de conte\u00fado\"><span class=\"ez-toc-js-icon-con\"><span class=\"\"><span class=\"eztoc-hide\" style=\"display:none;\">Toggle<\/span><span class=\"ez-toc-icon-toggle-span\"><svg style=\"fill: #999;color:#999\" xmlns=\"http:\/\/www.w3.org\/2000\/svg\" class=\"list-377408\" width=\"20px\" height=\"20px\" viewBox=\"0 0 24 24\" fill=\"none\"><path d=\"M6 6H4v2h2V6zm14 0H8v2h12V6zM4 11h2v2H4v-2zm16 0H8v2h12v-2zM4 16h2v2H4v-2zm16 0H8v2h12v-2z\" fill=\"currentColor\"><\/path><\/svg><svg style=\"fill: #999;color:#999\" class=\"arrow-unsorted-368013\" xmlns=\"http:\/\/www.w3.org\/2000\/svg\" width=\"10px\" height=\"10px\" viewBox=\"0 0 24 24\" version=\"1.2\" baseProfile=\"tiny\"><path d=\"M18.2 9.3l-6.2-6.3-6.2 6.3c-.2.2-.3.4-.3.7s.1.5.3.7c.2.2.4.3.7.3h11c.3 0 .5-.1.7-.3.2-.2.3-.5.3-.7s-.1-.5-.3-.7zM5.8 14.7l6.2 6.3 6.2-6.3c.2-.2.3-.5.3-.7s-.1-.5-.3-.7c-.2-.2-.4-.3-.7-.3h-11c-.3 0-.5.1-.7.3-.2.2-.3.5-.3.7s.1.5.3.7z\"\/><\/svg><\/span><\/span><\/span><\/a><\/span><\/div>\n<nav><ul class='ez-toc-list ez-toc-list-level-1 eztoc-toggle-hide-by-default' ><li class='ez-toc-page-1 ez-toc-heading-level-2'><a class=\"ez-toc-link ez-toc-heading-1\" href=\"https:\/\/decasablog.com.br\/pintura\/quadro-negro-adesivo-2m-x-45cm-para-parede-escrevivel\/#Visao_geral_do_quadro_negro_autocolante\" >Vis\u00e3o geral do quadro negro autocolante<\/a><\/li><li class='ez-toc-page-1 ez-toc-heading-level-2'><a class=\"ez-toc-link ez-toc-heading-2\" href=\"https:\/\/decasablog.com.br\/pintura\/quadro-negro-adesivo-2m-x-45cm-para-parede-escrevivel\/#Especificacoes_tecnicas_e_o_que_significam_na_pratica\" >Especifica\u00e7\u00f5es t\u00e9cnicas e o que significam na pr\u00e1tica<\/a><\/li><li class='ez-toc-page-1 ez-toc-heading-level-2'><a class=\"ez-toc-link ez-toc-heading-3\" href=\"https:\/\/decasablog.com.br\/pintura\/quadro-negro-adesivo-2m-x-45cm-para-parede-escrevivel\/#Desempenho_real_o_que_dizem_os_compradores\" >Desempenho real: o que dizem os compradores<\/a><\/li><li class='ez-toc-page-1 ez-toc-heading-level-2'><a class=\"ez-toc-link ez-toc-heading-4\" href=\"https:\/\/decasablog.com.br\/pintura\/quadro-negro-adesivo-2m-x-45cm-para-parede-escrevivel\/#Vantagens_e_pontos_de_atencao\" >Vantagens e pontos de aten\u00e7\u00e3o<\/a><\/li><li class='ez-toc-page-1 ez-toc-heading-level-2'><a class=\"ez-toc-link ez-toc-heading-5\" href=\"https:\/\/decasablog.com.br\/pintura\/quadro-negro-adesivo-2m-x-45cm-para-parede-escrevivel\/#Para_quem_este_modelo_e_indicado\" >Para quem este modelo \u00e9 indicado<\/a><\/li><li class='ez-toc-page-1 ez-toc-heading-level-2'><a class=\"ez-toc-link ez-toc-heading-6\" href=\"https:\/\/decasablog.com.br\/pintura\/quadro-negro-adesivo-2m-x-45cm-para-parede-escrevivel\/#Limpeza_manutencao_e_durabilidade\" >Limpeza, manuten\u00e7\u00e3o e durabilidade<\/a><\/li><li class='ez-toc-page-1 ez-toc-heading-level-2'><a class=\"ez-toc-link ez-toc-heading-7\" href=\"https:\/\/decasablog.com.br\/pintura\/quadro-negro-adesivo-2m-x-45cm-para-parede-escrevivel\/#Vale_a_pena_comprar_quadro_negro_autocolante\" >Vale a pena comprar quadro negro autocolante?<\/a><\/li><li class='ez-toc-page-1 ez-toc-heading-level-2'><a class=\"ez-toc-link ez-toc-heading-8\" href=\"https:\/\/decasablog.com.br\/pintura\/quadro-negro-adesivo-2m-x-45cm-para-parede-escrevivel\/#Perguntas_Frequentes_sobre_quadro_negro_autocolante\" >Perguntas Frequentes sobre quadro negro autocolante<\/a><ul class='ez-toc-list-level-3' ><li class='ez-toc-heading-level-3'><a class=\"ez-toc-link ez-toc-heading-9\" href=\"https:\/\/decasablog.com.br\/pintura\/quadro-negro-adesivo-2m-x-45cm-para-parede-escrevivel\/#O_quadro_negro_autocolante_pode_ser_aplicado_em_qualquer_tipo_de_parede\" >O quadro negro autocolante pode ser aplicado em qualquer tipo de parede?<\/a><\/li><li class='ez-toc-page-1 ez-toc-heading-level-3'><a class=\"ez-toc-link ez-toc-heading-10\" href=\"https:\/\/decasablog.com.br\/pintura\/quadro-negro-adesivo-2m-x-45cm-para-parede-escrevivel\/#E_possivel_apagar_e_reescrever_varias_vezes_sem_danificar_o_adesivo\" >\u00c9 poss\u00edvel apagar e reescrever v\u00e1rias vezes sem danificar o adesivo?<\/a><\/li><li class='ez-toc-page-1 ez-toc-heading-level-3'><a class=\"ez-toc-link ez-toc-heading-11\" href=\"https:\/\/decasablog.com.br\/pintura\/quadro-negro-adesivo-2m-x-45cm-para-parede-escrevivel\/#Qual_o_tamanho_do_quadro_negro_autocolante_Generico\" >Qual o tamanho do quadro negro autocolante Gen\u00e9rico?<\/a><\/li><li class='ez-toc-page-1 ez-toc-heading-level-3'><a class=\"ez-toc-link ez-toc-heading-12\" href=\"https:\/\/decasablog.com.br\/pintura\/quadro-negro-adesivo-2m-x-45cm-para-parede-escrevivel\/#O_adesivo_suporta_uso_em_ambientes_umidos_como_cozinhas\" >O adesivo suporta uso em ambientes \u00famidos, como cozinhas?<\/a><\/li><li class='ez-toc-page-1 ez-toc-heading-level-3'><a class=\"ez-toc-link ez-toc-heading-13\" href=\"https:\/\/decasablog.com.br\/pintura\/quadro-negro-adesivo-2m-x-45cm-para-parede-escrevivel\/#O_produto_vem_com_garantia\" >O produto vem com garantia?<\/a><\/li><li class='ez-toc-page-1 ez-toc-heading-level-3'><a class=\"ez-toc-link ez-toc-heading-14\" href=\"https:\/\/decasablog.com.br\/pintura\/quadro-negro-adesivo-2m-x-45cm-para-parede-escrevivel\/#E_facil_aplicar_o_quadro_negro_autocolante\" >\u00c9 f\u00e1cil aplicar o quadro negro autocolante?<\/a><\/li><li class='ez-toc-page-1 ez-toc-heading-level-3'><a class=\"ez-toc-link ez-toc-heading-15\" href=\"https:\/\/decasablog.com.br\/pintura\/quadro-negro-adesivo-2m-x-45cm-para-parede-escrevivel\/#O_quadro_negro_autocolante_risca_bem_com_giz_comum\" >O quadro negro autocolante risca bem com giz comum?<\/a><\/li><li class='ez-toc-page-1 ez-toc-heading-level-3'><a class=\"ez-toc-link ez-toc-heading-16\" href=\"https:\/\/decasablog.com.br\/pintura\/quadro-negro-adesivo-2m-x-45cm-para-parede-escrevivel\/#Este_produto_e_mais_indicado_do_que_quadros_fixos_tradicionais\" >Este produto \u00e9 mais indicado do que quadros fixos tradicionais?<\/a><\/li><\/ul><\/li><\/ul><\/nav><\/div>\n\n<p>O acabamento preto fosco \u00e9 projetado para oferecer boa visibilidade ao escrever com giz comum, tornando a leitura clara e o uso pr\u00e1tico no dia a dia. Al\u00e9m disso, a garantia de 30 dias oferece uma prote\u00e7\u00e3o inicial contra eventuais defeitos, embora n\u00e3o seja extensa comparada a outros produtos do mercado.<\/p>\n<p>O ranking de vendas indica que o produto tem uma posi\u00e7\u00e3o moderada no mercado, sendo o 25\u00ba em sua subcategoria, o que sugere uma aceita\u00e7\u00e3o razo\u00e1vel entre consumidores que buscam adesivos e murais para parede.<\/p>\n<h2><span class=\"ez-toc-section\" id=\"Desempenho_real_o_que_dizem_os_compradores\"><\/span>Desempenho real: o que dizem os compradores<span class=\"ez-toc-section-end\"><\/span><\/h2>\n<p>Segundo compradores verificados na Amazon Brasil, o desempenho do quadro negro autocolante \u00e9 controverso. Parte das avalia\u00e7\u00f5es indica que o material \u00e9 grosso e f\u00e1cil de aplicar, o que favorece uma instala\u00e7\u00e3o pr\u00e1tica e sem complica\u00e7\u00f5es. Relatos apontam que a superf\u00edcie permite escrever e apagar com giz comum de forma eficiente, mantendo a funcionalidade esperada para este tipo de produto.<\/p>\n<p>Por outro lado, algumas avalia\u00e7\u00f5es mencionam problemas importantes, como a superf\u00edcie lisa que n\u00e3o risca adequadamente com giz, comprometendo a fun\u00e7\u00e3o principal do quadro negro. H\u00e1 ainda relatos de produtos que chegaram amassados, o que prejudica a est\u00e9tica e a aplica\u00e7\u00e3o correta.<\/p>\n<p>Esse contraste no feedback sugere que, embora o produto tenha potencial para atender \u00e0s necessidades b\u00e1sicas, a qualidade pode variar conforme lote ou armazenamento, impactando diretamente a experi\u00eancia do usu\u00e1rio final.<\/p>\n<h2><span class=\"ez-toc-section\" id=\"Vantagens_e_pontos_de_atencao\"><\/span>Vantagens e pontos de aten\u00e7\u00e3o<span class=\"ez-toc-section-end\"><\/span><\/h2>\n<table>\n<thead>\n<tr>\n<th>Vantagens<\/th>\n<th>Desvantagens<\/th>\n<\/tr>\n<\/thead>\n<tbody>\n<tr>\n<td>\u2714 Material grosso facilita a aplica\u00e7\u00e3o<\/td>\n<td>\u2718 Algumas unidades chegam amassadas<\/td>\n<\/tr>\n<tr>\n<td>\u2714 Superf\u00edcie autocolante para instala\u00e7\u00e3o pr\u00e1tica<\/td>\n<td>\u2718 Superf\u00edcie lisa pode n\u00e3o riscar bem com giz<\/td>\n<\/tr>\n<tr>\n<td>\u2714 Boa \u00e1rea de escrita vertical (45&#215;200 cm)<\/td>\n<td>\u2718 Garantia limitada a 30 dias<\/td>\n<\/tr>\n<tr>\n<td>\u2714 Acabamento preto fosco para melhor visibilidade<\/td>\n<td>\u2718 Avalia\u00e7\u00f5es indicam inconsist\u00eancia na qualidade<\/td>\n<\/tr>\n<tr>\n<td>\u2714 F\u00e1cil limpeza e uso com giz comum<\/td>\n<td>\u2718 Pode n\u00e3o ser adequado para superf\u00edcies irregulares<\/td>\n<\/tr>\n<tr>\n<td>\u2714 Produto nacional, fabricado no Brasil<\/td>\n<td>\u2718 N\u00e3o possui certifica\u00e7\u00f5es INMETRO informadas<\/td>\n<\/tr>\n<tr>\n<td>\u2714 Peso leve (250g), f\u00e1cil manuseio<\/td>\n<td>\u2718 N\u00e3o indicado para uso externo ou umidade alta<\/td>\n<\/tr>\n<tr>\n<td>\u2714 Vers\u00e1til para ambientes dom\u00e9sticos e profissionais<\/td>\n<td>\u2718 Alguns relatos mencionam fragilidade do adesivo com o tempo<\/td>\n<\/tr>\n<\/tbody>\n<\/table>\n<h2><span class=\"ez-toc-section\" id=\"Para_quem_este_modelo_e_indicado\"><\/span>Para quem este modelo \u00e9 indicado<span class=\"ez-toc-section-end\"><\/span><\/h2>\n<p>Este quadro negro autocolante \u00e9 indicado para donas de casa, estudantes, fam\u00edlias e profissionais que buscam organizar recados, listas de compras ou mensagens em ambientes internos como cozinhas, escrit\u00f3rios e quartos. Ele \u00e9 mais indicado do que quadros fixos tradicionais quando h\u00e1 necessidade de praticidade na instala\u00e7\u00e3o e remo\u00e7\u00e3o sem danos \u00e0 parede.<\/p>\n<p>Por outro lado, n\u00e3o \u00e9 recomendado para quem precisa de alta durabilidade em ambientes \u00famidos ou para uso externo, j\u00e1 que o material e adesivo n\u00e3o t\u00eam especifica\u00e7\u00f5es para essas condi\u00e7\u00f5es. Tamb\u00e9m pode n\u00e3o ser a melhor escolha para usu\u00e1rios que desejam uma superf\u00edcie impec\u00e1vel e uniforme, dado o risco de produtos amassados ou falhas no acabamento.<\/p>\n<p>Este produto \u00e9 mais indicado do que pap\u00e9is de parede comuns quando o objetivo \u00e9 funcionalidade aliada \u00e0 decora\u00e7\u00e3o, especialmente por oferecer uma superf\u00edcie para escrita e apagamento m\u00faltiplo.<\/p>\n<h2><span class=\"ez-toc-section\" id=\"Limpeza_manutencao_e_durabilidade\"><\/span>Limpeza, manuten\u00e7\u00e3o e durabilidade<span class=\"ez-toc-section-end\"><\/span><\/h2>\n<p>O quadro negro autocolante permite f\u00e1cil limpeza com pano seco ou levemente \u00famido, pois sua superf\u00edcie em PVC \u00e9 resistente a apagamentos repetidos sem perda significativa da qualidade. Segundo avalia\u00e7\u00f5es, a utiliza\u00e7\u00e3o de giz comum facilita a manuten\u00e7\u00e3o di\u00e1ria e evita manchas permanentes.<\/p>\n<p>Vale lembrar que a durabilidade depende da correta aplica\u00e7\u00e3o do adesivo em superf\u00edcies lisas e limpas, al\u00e9m do cuidado para n\u00e3o danific\u00e1-lo com objetos pontiagudos ou umidade excessiva. A garantia de 30 dias cobre defeitos iniciais, mas a vida \u00fatil no uso cotidiano pode variar conforme a frequ\u00eancia e cuidados adotados.<\/p>\n<h2><span class=\"ez-toc-section\" id=\"Vale_a_pena_comprar_quadro_negro_autocolante\"><\/span>Vale a pena comprar quadro negro autocolante?<span class=\"ez-toc-section-end\"><\/span><\/h2>\n<p>O quadro negro autocolante Gen\u00e9rico modelo 2m x 45 cm apresenta bom potencial para transformar ambientes internos com praticidade e funcionalidade, conforme indicado pelo ranking em Ferramentas e Materiais de Constru\u00e7\u00e3o e feedback positivo em facilidade de aplica\u00e7\u00e3o e visibilidade. Entretanto, parte das avalia\u00e7\u00f5es aponta varia\u00e7\u00f5es na qualidade da superf\u00edcie e problemas com produtos danificados, o que deve ser considerado ao decidir pela compra.<\/p>\n<p>Portanto, vale a pena considerar este produto se a prioridade for um adesivo de parede autocolante para uso dom\u00e9stico com instala\u00e7\u00e3o simples e \u00e1rea ampla para escrita. Para d\u00favidas sobre pre\u00e7o e disponibilidade, recomendamos consultar diretamente a Amazon Brasil usando o bot\u00e3o abaixo, garantindo acesso \u00e0 informa\u00e7\u00e3o atualizada.<\/p>\n<p><!-- AD PLACEMENT --><\/p>\n<div style=\"background:#fff; border:1px solid #e0e0e0; border-radius:8px; padding:16px; width:100%; box-shadow:0 2px 6px rgba(0,0,0,0.06); margin:16px 0;\">\n<img decoding=\"async\" src=\"https:\/\/m.media-amazon.com\/images\/I\/71PTEejVC5L._AC_SL1500_.jpg\" width=\"100%\" style=\"border-radius:8px; margin-bottom:12px; display:block;\" alt=\"Lousa Quadro Negro Adesivo de Parede Autocolante\"\/>\n<a href=\"https:\/\/amazon.com.br\/dp\/B0DX6XKRCV?tag=tinta01-20\" target=\"_blank\" rel=\"noopener sponsored\" style=\"display:block; width:100%; border-radius:999px; padding:13px; text-align:center; font-weight:bold; text-decoration:none; color:#111; background:linear-gradient(90deg, #FFE083, #F5C400);\">Ver na Amazon<\/a>\n<\/div>\n<p><small>Pre\u00e7os e disponibilidade podem alterar sem aviso pr\u00e9vio. Este conte\u00fado \u00e9 informativo e n\u00e3o constitui recomenda\u00e7\u00e3o de compra. Verifique as condi\u00e7\u00f5es atualizadas diretamente na Amazon Brasil antes de finalizar sua compra.<\/small><\/p>\n<h2><span class=\"ez-toc-section\" id=\"Perguntas_Frequentes_sobre_quadro_negro_autocolante\"><\/span>Perguntas Frequentes sobre quadro negro autocolante<span class=\"ez-toc-section-end\"><\/span><\/h2>\n<div style=\"margin-bottom:1.5rem;\">\n<h3><span class=\"ez-toc-section\" id=\"O_quadro_negro_autocolante_pode_ser_aplicado_em_qualquer_tipo_de_parede\"><\/span>O quadro negro autocolante pode ser aplicado em qualquer tipo de parede?<span class=\"ez-toc-section-end\"><\/span><\/h3>\n<p>N\u00e3o. O produto \u00e9 indicado para superf\u00edcies lisas e limpas para garantir a ader\u00eancia adequada do adesivo. Em paredes com textura ou irregularidades, a fixa\u00e7\u00e3o pode ser comprometida.<\/p>\n<\/div>\n<div style=\"margin-bottom:1.5rem;\">\n<h3><span class=\"ez-toc-section\" id=\"E_possivel_apagar_e_reescrever_varias_vezes_sem_danificar_o_adesivo\"><\/span>\u00c9 poss\u00edvel apagar e reescrever v\u00e1rias vezes sem danificar o adesivo?<span class=\"ez-toc-section-end\"><\/span><\/h3>\n<p>Sim. A superf\u00edcie em PVC e vinil permite apagar o giz comum facilmente, mantendo a funcionalidade por diversas utiliza\u00e7\u00f5es, conforme avalia\u00e7\u00f5es de usu\u00e1rios.<\/p>\n<\/div>\n<div style=\"margin-bottom:1.5rem;\">\n<h3><span class=\"ez-toc-section\" id=\"Qual_o_tamanho_do_quadro_negro_autocolante_Generico\"><\/span>Qual o tamanho do quadro negro autocolante Gen\u00e9rico?<span class=\"ez-toc-section-end\"><\/span><\/h3>\n<p>O modelo possui 45 cm de largura por 200 cm de altura, oferecendo um espa\u00e7o vertical amplo para anota\u00e7\u00f5es e desenhos.<\/p>\n<\/div>\n<div style=\"margin-bottom:1.5rem;\">\n<h3><span class=\"ez-toc-section\" id=\"O_adesivo_suporta_uso_em_ambientes_umidos_como_cozinhas\"><\/span>O adesivo suporta uso em ambientes \u00famidos, como cozinhas?<span class=\"ez-toc-section-end\"><\/span><\/h3>\n<p>N\u00e3o \u00e9 recomendado para \u00e1reas com umidade excessiva, pois o material e o adesivo n\u00e3o possuem especifica\u00e7\u00e3o para ambientes \u00famidos, podendo comprometer a durabilidade.<\/p>\n<\/div>\n<div style=\"margin-bottom:1.5rem;\">\n<h3><span class=\"ez-toc-section\" id=\"O_produto_vem_com_garantia\"><\/span>O produto vem com garantia?<span class=\"ez-toc-section-end\"><\/span><\/h3>\n<p>Sim, oferece garantia de 30 dias contra defeitos de fabrica\u00e7\u00e3o, conforme especifica\u00e7\u00f5es do fabricante Gen\u00e9rico.<\/p>\n<\/div>\n<div style=\"margin-bottom:1.5rem;\">\n<h3><span class=\"ez-toc-section\" id=\"E_facil_aplicar_o_quadro_negro_autocolante\"><\/span>\u00c9 f\u00e1cil aplicar o quadro negro autocolante?<span class=\"ez-toc-section-end\"><\/span><\/h3>\n<p>Sim. O adesivo \u00e9 autocolante e pode ser aplicado diretamente em superf\u00edcies lisas e limpas, sem necessidade de ferramentas especiais, facilitando o processo.<\/p>\n<\/div>\n<div style=\"margin-bottom:1.5rem;\">\n<h3><span class=\"ez-toc-section\" id=\"O_quadro_negro_autocolante_risca_bem_com_giz_comum\"><\/span>O quadro negro autocolante risca bem com giz comum?<span class=\"ez-toc-section-end\"><\/span><\/h3>\n<p>Sim, por\u00e9m alguns relatos indicam que em certas unidades a superf\u00edcie pode ser lisa demais, dificultando a escrita. Na maioria dos casos, escreve e apaga normalmente.<\/p>\n<\/div>\n<div style=\"margin-bottom:1.5rem;\">\n<h3><span class=\"ez-toc-section\" id=\"Este_produto_e_mais_indicado_do_que_quadros_fixos_tradicionais\"><\/span>Este produto \u00e9 mais indicado do que quadros fixos tradicionais?<span class=\"ez-toc-section-end\"><\/span><\/h3>\n<p>Sim. Ele oferece maior praticidade na instala\u00e7\u00e3o e remo\u00e7\u00e3o, sendo ideal para quem busca uma solu\u00e7\u00e3o tempor\u00e1ria ou que n\u00e3o danifique a parede.<\/p>\n<\/div>\n<p><script type=\"application\/ld+json\">{\"@context\":\"https:\/\/schema.org\",\"@type\":\"FAQPage\",\"mainEntity\":[{\"@type\":\"Question\",\"name\":\"O quadro negro autocolante pode ser aplicado em qualquer tipo de parede?\",\"acceptedAnswer\":{\"@type\":\"Answer\",\"text\":\"N\u00e3o. O produto \u00e9 indicado para superf\u00edcies lisas e limpas para garantir a ader\u00eancia adequada do adesivo. Em paredes com textura ou irregularidades, a fixa\u00e7\u00e3o pode ser comprometida.\"}},{\"@type\":\"Question\",\"name\":\"\u00c9 poss\u00edvel apagar e reescrever v\u00e1rias vezes sem danificar o adesivo?\",\"acceptedAnswer\":{\"@type\":\"Answer\",\"text\":\"Sim. A superf\u00edcie em PVC e vinil permite apagar o giz comum facilmente, mantendo a funcionalidade por diversas utiliza\u00e7\u00f5es, conforme avalia\u00e7\u00f5es de usu\u00e1rios.\"}},{\"@type\":\"Question\",\"name\":\"Qual o tamanho do quadro negro autocolante Gen\u00e9rico?\",\"acceptedAnswer\":{\"@type\":\"Answer\",\"text\":\"O modelo possui 45 cm de largura por 200 cm de altura, oferecendo um espa\u00e7o vertical amplo para anota\u00e7\u00f5es e desenhos.\"}},{\"@type\":\"Question\",\"name\":\"O adesivo suporta uso em ambientes \u00famidos, como cozinhas?\",\"acceptedAnswer\":{\"@type\":\"Answer\",\"text\":\"N\u00e3o \u00e9 recomendado para \u00e1reas com umidade excessiva, pois o material e o adesivo n\u00e3o possuem especifica\u00e7\u00e3o para ambientes \u00famidos, podendo comprometer a durabilidade.\"}},{\"@type\":\"Question\",\"name\":\"O produto vem com garantia?\",\"acceptedAnswer\":{\"@type\":\"Answer\",\"text\":\"Sim, oferece garantia de 30 dias contra defeitos de fabrica\u00e7\u00e3o, conforme especifica\u00e7\u00f5es do fabricante Gen\u00e9rico.\"}},{\"@type\":\"Question\",\"name\":\"\u00c9 f\u00e1cil aplicar o quadro negro autocolante?\",\"acceptedAnswer\":{\"@type\":\"Answer\",\"text\":\"Sim. O adesivo \u00e9 autocolante e pode ser aplicado diretamente em superf\u00edcies lisas e limpas, sem necessidade de ferramentas especiais, facilitando o processo.\"}},{\"@type\":\"Question\",\"name\":\"O quadro negro autocolante risca bem com giz comum?\",\"acceptedAnswer\":{\"@type\":\"Answer\",\"text\":\"Sim, por\u00e9m alguns relatos indicam que em certas unidades a superf\u00edcie pode ser lisa demais, dificultando a escrita. Na maioria dos casos, escreve e apaga normalmente.\"}},{\"@type\":\"Question\",\"name\":\"Este produto \u00e9 mais indicado do que quadros fixos tradicionais?\",\"acceptedAnswer\":{\"@type\":\"Answer\",\"text\":\"Sim. Ele oferece maior praticidade na instala\u00e7\u00e3o e remo\u00e7\u00e3o, sendo ideal para quem busca uma solu\u00e7\u00e3o tempor\u00e1ria ou que n\u00e3o danifique a parede.\"}}]}<\/script><\/p>\n<p><script type=\"application\/ld+json\">{\"@context\":\"https:\/\/schema.org\",\"@type\":\"Product\",\"name\":\"Lousa Quadro Negro Adesivo de Parede Autocolante, Quadro Negro de parede 2m x 45 cm, Papel de parede de escrever\",\"brand\":{\"@type\":\"Brand\",\"name\":\"Gen\u00e9rico\"},\"sku\":\"B0DX6XKRCV\",\"offers\":{\"@type\":\"Offer\",\"url\":\"https:\/\/amazon.com.br\/dp\/B0DX6XKRCV?tag=tinta01-20\",\"price\":\"39.50\",\"priceCurrency\":\"BRL\"},\"aggregateRating\":{\"@type\":\"AggregateRating\",\"ratingValue\":5,\"bestRating\":5,\"worstRating\":1,\"reviewCount\":10}}<\/script><\/p>\n<p><!-- ================================================== --><\/p>\n","protected":false},"excerpt":{"rendered":"<p>O quadro negro autocolante \u00e9 uma solu\u00e7\u00e3o pr\u00e1tica e vers\u00e1til para transformar paredes comuns em espa\u00e7os funcionais de organiza\u00e7\u00e3o e [&hellip;]<\/p>\n","protected":false},"author":1,"featured_media":1776,"comment_status":"open","ping_status":"open","sticky":false,"template":"","format":"standard","meta":{"site-sidebar-layout":"default","site-content-layout":"","ast-site-content-layout":"default","site-content-style":"default","site-sidebar-style":"default","ast-global-header-display":"","ast-banner-title-visibility":"","ast-main-header-display":"","ast-hfb-above-header-display":"","ast-hfb-below-header-display":"","ast-hfb-mobile-header-display":"","site-post-title":"","ast-breadcrumbs-content":"","ast-featured-img":"","footer-sml-layout":"","ast-disable-related-posts":"","theme-transparent-header-meta":"","adv-header-id-meta":"","stick-header-meta":"","header-above-stick-meta":"","header-main-stick-meta":"","header-below-stick-meta":"","astra-migrate-meta-layouts":"default","ast-page-background-enabled":"default","ast-page-background-meta":{"desktop":{"background-color":"var(--ast-global-color-5)","background-image":"","background-repeat":"repeat","background-position":"center center","background-size":"auto","background-attachment":"scroll","background-type":"","background-media":"","overlay-type":"","overlay-color":"","overlay-opacity":"","overlay-gradient":""},"tablet":{"background-color":"","background-image":"","background-repeat":"repeat","background-position":"center center","background-size":"auto","background-attachment":"scroll","background-type":"","background-media":"","overlay-type":"","overlay-color":"","overlay-opacity":"","overlay-gradient":""},"mobile":{"background-color":"","background-image":"","background-repeat":"repeat","background-position":"center center","background-size":"auto","background-attachment":"scroll","background-type":"","background-media":"","overlay-type":"","overlay-color":"","overlay-opacity":"","overlay-gradient":""}},"ast-content-background-meta":{"desktop":{"background-color":"var(--ast-global-color-4)","background-image":"","background-repeat":"repeat","background-position":"center center","background-size":"auto","background-attachment":"scroll","background-type":"","background-media":"","overlay-type":"","overlay-color":"","overlay-opacity":"","overlay-gradient":""},"tablet":{"background-color":"var(--ast-global-color-4)","background-image":"","background-repeat":"repeat","background-position":"center center","background-size":"auto","background-attachment":"scroll","background-type":"","background-media":"","overlay-type":"","overlay-color":"","overlay-opacity":"","overlay-gradient":""},"mobile":{"background-color":"var(--ast-global-color-4)","background-image":"","background-repeat":"repeat","background-position":"center center","background-size":"auto","background-attachment":"scroll","background-type":"","background-media":"","overlay-type":"","overlay-color":"","overlay-opacity":"","overlay-gradient":""}},"fifu_image_url":"https:\/\/m.media-amazon.com\/images\/I\/71PTEejVC5L._AC_SL1500_.jpg","fifu_image_alt":"","footnotes":""},"categories":[37],"tags":[],"class_list":["post-1775","post","type-post","status-publish","format-standard","has-post-thumbnail","hentry","category-materiais-de-pintura-ferramentas-e-tratamentos-de-parede"],"_links":{"self":[{"href":"https:\/\/decasablog.com.br\/pintura\/wp-json\/wp\/v2\/posts\/1775","targetHints":{"allow":["GET"]}}],"collection":[{"href":"https:\/\/decasablog.com.br\/pintura\/wp-json\/wp\/v2\/posts"}],"about":[{"href":"https:\/\/decasablog.com.br\/pintura\/wp-json\/wp\/v2\/types\/post"}],"author":[{"embeddable":true,"href":"https:\/\/decasablog.com.br\/pintura\/wp-json\/wp\/v2\/users\/1"}],"replies":[{"embeddable":true,"href":"https:\/\/decasablog.com.br\/pintura\/wp-json\/wp\/v2\/comments?post=1775"}],"version-history":[{"count":0,"href":"https:\/\/decasablog.com.br\/pintura\/wp-json\/wp\/v2\/posts\/1775\/revisions"}],"wp:featuredmedia":[{"embeddable":true,"href":"https:\/\/decasablog.com.br\/pintura\/wp-json\/wp\/v2\/media\/1776"}],"wp:attachment":[{"href":"https:\/\/decasablog.com.br\/pintura\/wp-json\/wp\/v2\/media?parent=1775"}],"wp:term":[{"taxonomy":"category","embeddable":true,"href":"https:\/\/decasablog.com.br\/pintura\/wp-json\/wp\/v2\/categories?post=1775"},{"taxonomy":"post_tag","embeddable":true,"href":"https:\/\/decasablog.com.br\/pintura\/wp-json\/wp\/v2\/tags?post=1775"}],"curies":[{"name":"wp","href":"https:\/\/api.w.org\/{rel}","templated":true}]}}