{"id":1603,"date":"2026-04-27T18:35:12","date_gmt":"2026-04-27T18:35:12","guid":{"rendered":"https:\/\/decasablog.com.br\/pintura\/?p=1603"},"modified":"2026-04-27T18:35:12","modified_gmt":"2026-04-27T18:35:12","slug":"fundo-preparador-de-madeira","status":"publish","type":"post","link":"https:\/\/decasablog.com.br\/pintura\/fundo-preparador-de-madeira\/","title":{"rendered":"Fundo preparador de madeira: qual o certo e como aplicar sem errar"},"content":{"rendered":"<p>O <strong>fundo preparador de madeira<\/strong> deve ser espec\u00edfico para madeira: o produto para alvenaria n\u00e3o penetra nas fibras nem bloqueia tanino e resina, e isso explica manchas sob tinta branca em portas, MDF, compensado e madeira maci\u00e7a.<\/p>\n<div style=\"background:#f8fafc;border-left:4px solid #2563eb;padding:16px;border-radius:6px;margin-bottom:16px;\"><strong>Fonte t\u00e9cnica: Boletins t\u00e9cnicos dos fabricantes e ABNT NBR 11702:2021.<\/strong>Norma de refer\u00eancia: NBR 11702:2021.<span style=\"font-size:0.85em;color:#555;\">Artigo atualizado em 2026 \u2014 an\u00e1lise baseada em boletins t\u00e9cnicos oficiais e NBR 11702:2021.<\/span><\/div>\n<div style=\"white-space:normal;\"><a href=\"https:\/\/amzn.to\/4d3tBUZ\" target=\"_blank\" rel=\"noopener sponsored\" style=\"display:block;width:100%;box-sizing:border-box;border-radius:999px;padding:13px;font-weight:bold;text-align:center;text-decoration:none;color:#111;background:linear-gradient(to right,#FFE083,#F5C400);\"><img decoding=\"async\" src=\"https:\/\/m.media-amazon.com\/images\/I\/617EU8pcHeL._AC_SY879_.jpg\" width=\"100%\" style=\"border-radius:8px;margin-bottom:12px;\" alt=\"fundo preparador de madeira\" title=\"fundo preparador de madeira\"><span>Ver na Amazon<\/span><\/a><\/div>\n<ul>\n<li><strong>Fundo espec\u00edfico madeira<\/strong>: penetra nas fibras e melhora a <strong>ader\u00eancia<\/strong>.<\/li>\n<li><strong>Fundo de alvenaria em madeira<\/strong>: incompat\u00edvel com o <strong>substrato<\/strong> madeira.<\/li>\n<li><strong>Lixamento obrigat\u00f3rio<\/strong>: lixa <strong>120\u2013180<\/strong> antes do fundo.<\/li>\n<li><strong>Lixamento p\u00f3s-fundo<\/strong>: lixa <strong>220<\/strong> antes da tinta.<\/li>\n<li><strong>Secagem<\/strong>: <strong>2\u20134 horas<\/strong> conforme clima e ventila\u00e7\u00e3o.<\/li>\n<li><strong>Norma<\/strong>: <strong>NBR 11702:2021<\/strong>.<\/li>\n<\/ul>\n<h2><span class=\"ez-toc-section\" id=\"O_mecanismo_que_separa_uma_porta_bonita_de_uma_porta_manchada\"><\/span>O mecanismo que separa uma porta bonita de uma porta manchada<span class=\"ez-toc-section-end\"><\/span><\/h2>\n<p>Conforme a <strong>NBR 11702:2021<\/strong>, o fundo certo consolida o <strong>substrato<\/strong>, reduz a <strong>porosidade<\/strong> capilar e melhora a <strong>coes\u00e3o<\/strong> superficial antes da tinta de acabamento.<\/p>\n<p>Segundo as especifica\u00e7\u00f5es de Boletins t\u00e9cnicos dos fabricantes e ABNT NBR 11702:2021, em madeira maci\u00e7a ele tamb\u00e9m ajuda a conter tanino e resina natural, enquanto no MDF controla a absor\u00e7\u00e3o irregular.<\/p>\n<p>Em casas brasileiras, com alvenaria dominante e reforma DIY sem equipamento profissional, isso evita retrabalho em portas de quarto, rodap\u00e9s e m\u00f3veis sob umidade costeira ou clima seco do interior.<\/p>\n<h2><span class=\"ez-toc-section\" id=\"Onde_cada_madeira_reage_diferente_e_por_que_isso_importa\"><\/span>Onde cada madeira reage diferente e por que isso importa<span class=\"ez-toc-section-end\"><\/span><\/h2>\n<p>Em portas, o foco \u00e9 nivelar fibras levantadas e preservar a <strong>ader\u00eancia mec\u00e2nica<\/strong>; em MDF, a borda exige mais aten\u00e7\u00e3o porque absorve mais que a face.<\/p>\n<p>No compensado, a an\u00e1lise t\u00e9cnica indica que as l\u00e2minas cruzadas podem receber fundo de forma desigual, ent\u00e3o o lixamento 120\u2013180 antes do produto \u00e9 decisivo.<\/p>\n<p>Na madeira maci\u00e7a, a resina e o tanino pedem <strong>fundo espec\u00edfico<\/strong>; o produto de alvenaria n\u00e3o entrega <strong>ancoragem<\/strong> nem bloqueio qu\u00edmico adequado.<\/p>\n<h2><span class=\"ez-toc-section\" id=\"Comparacao_tecnica_que_evita_compra_errada_na_loja\"><\/span>Compara\u00e7\u00e3o t\u00e9cnica que evita compra errada na loja<span class=\"ez-toc-section-end\"><\/span><\/h2>\n<table>\n<thead>\n<tr>\n<th>Crit\u00e9rio<\/th>\n<th>Fundo espec\u00edfico para madeira<\/th>\n<th>Fundo de alvenaria<\/th>\n<\/tr>\n<\/thead>\n<tbody>\n<tr>\n<td>Penetra\u00e7\u00e3o<\/td>\n<td>Penetra nas fibras<\/td>\n<td>Incompat\u00edvel<\/td>\n<\/tr>\n<tr>\n<td>Bloqueio<\/td>\n<td>Bloqueia tanino<\/td>\n<td>N\u00e3o bloqueia<\/td>\n<\/tr>\n<tr>\n<td>Lixa antes<\/td>\n<td>120\u2013180<\/td>\n<td>N\u00e3o resolve o problema<\/td>\n<\/tr>\n<tr>\n<td>Lixa depois<\/td>\n<td>220<\/td>\n<td>N\u00e3o cria base correta<\/td>\n<\/tr>\n<tr>\n<td>Secagem<\/td>\n<td>2\u20134 horas<\/td>\n<td>Sem garantia t\u00e9cnica<\/td>\n<\/tr>\n<\/tbody>\n<\/table>\n<p>Comparando os dois, o correto \u00e9 o <strong>fundo preparador<\/strong> espec\u00edfico para madeira, porque ele trabalha a absor\u00e7\u00e3o e a coes\u00e3o do substrato.<\/p><div id=\"ez-toc-container\" class=\"ez-toc-v2_0_82_2 counter-hierarchy ez-toc-counter ez-toc-grey ez-toc-container-direction\">\n<div class=\"ez-toc-title-container\">\n<p class=\"ez-toc-title\" style=\"cursor:inherit\">\u00cdndice<\/p>\n<span class=\"ez-toc-title-toggle\"><a href=\"#\" class=\"ez-toc-pull-right ez-toc-btn ez-toc-btn-xs ez-toc-btn-default ez-toc-toggle\" aria-label=\"Alternar tabela de conte\u00fado\"><span class=\"ez-toc-js-icon-con\"><span class=\"\"><span class=\"eztoc-hide\" style=\"display:none;\">Toggle<\/span><span class=\"ez-toc-icon-toggle-span\"><svg style=\"fill: #999;color:#999\" xmlns=\"http:\/\/www.w3.org\/2000\/svg\" class=\"list-377408\" width=\"20px\" height=\"20px\" viewBox=\"0 0 24 24\" fill=\"none\"><path d=\"M6 6H4v2h2V6zm14 0H8v2h12V6zM4 11h2v2H4v-2zm16 0H8v2h12v-2zM4 16h2v2H4v-2zm16 0H8v2h12v-2z\" fill=\"currentColor\"><\/path><\/svg><svg style=\"fill: #999;color:#999\" class=\"arrow-unsorted-368013\" xmlns=\"http:\/\/www.w3.org\/2000\/svg\" width=\"10px\" height=\"10px\" viewBox=\"0 0 24 24\" version=\"1.2\" baseProfile=\"tiny\"><path d=\"M18.2 9.3l-6.2-6.3-6.2 6.3c-.2.2-.3.4-.3.7s.1.5.3.7c.2.2.4.3.7.3h11c.3 0 .5-.1.7-.3.2-.2.3-.5.3-.7s-.1-.5-.3-.7zM5.8 14.7l6.2 6.3 6.2-6.3c.2-.2.3-.5.3-.7s-.1-.5-.3-.7c-.2-.2-.4-.3-.7-.3h-11c-.3 0-.5.1-.7.3-.2.2-.3.5-.3.7s.1.5.3.7z\"\/><\/svg><\/span><\/span><\/span><\/a><\/span><\/div>\n<nav><ul class='ez-toc-list ez-toc-list-level-1 eztoc-toggle-hide-by-default' ><li class='ez-toc-page-1 ez-toc-heading-level-2'><a class=\"ez-toc-link ez-toc-heading-1\" href=\"https:\/\/decasablog.com.br\/pintura\/fundo-preparador-de-madeira\/#O_mecanismo_que_separa_uma_porta_bonita_de_uma_porta_manchada\" >O mecanismo que separa uma porta bonita de uma porta manchada<\/a><\/li><li class='ez-toc-page-1 ez-toc-heading-level-2'><a class=\"ez-toc-link ez-toc-heading-2\" href=\"https:\/\/decasablog.com.br\/pintura\/fundo-preparador-de-madeira\/#Onde_cada_madeira_reage_diferente_e_por_que_isso_importa\" >Onde cada madeira reage diferente e por que isso importa<\/a><\/li><li class='ez-toc-page-1 ez-toc-heading-level-2'><a class=\"ez-toc-link ez-toc-heading-3\" href=\"https:\/\/decasablog.com.br\/pintura\/fundo-preparador-de-madeira\/#Comparacao_tecnica_que_evita_compra_errada_na_loja\" >Compara\u00e7\u00e3o t\u00e9cnica que evita compra errada na loja<\/a><\/li><li class='ez-toc-page-1 ez-toc-heading-level-2'><a class=\"ez-toc-link ez-toc-heading-4\" href=\"https:\/\/decasablog.com.br\/pintura\/fundo-preparador-de-madeira\/#Protocolo_simples_que_funciona_em_porta_MDF_compensado_e_madeira_macica\" >Protocolo simples que funciona em porta, MDF, compensado e madeira maci\u00e7a<\/a><\/li><li class='ez-toc-page-1 ez-toc-heading-level-2'><a class=\"ez-toc-link ez-toc-heading-5\" href=\"https:\/\/decasablog.com.br\/pintura\/fundo-preparador-de-madeira\/#O_passo_que_mais_reduz_demaos_no_acabamento\" >O passo que mais reduz dem\u00e3os no acabamento<\/a><\/li><li class='ez-toc-page-1 ez-toc-heading-level-2'><a class=\"ez-toc-link ez-toc-heading-6\" href=\"https:\/\/decasablog.com.br\/pintura\/fundo-preparador-de-madeira\/#O_erro_caro_que_ainda_acontece_em_reforma_caseira\" >O erro caro que ainda acontece em reforma caseira<\/a><\/li><li class='ez-toc-page-1 ez-toc-heading-level-2'><a class=\"ez-toc-link ez-toc-heading-7\" href=\"https:\/\/decasablog.com.br\/pintura\/fundo-preparador-de-madeira\/#Veredito_tecnico_para_quem_quer_acertar_ja_na_primeira_compra\" >Veredito t\u00e9cnico para quem quer acertar j\u00e1 na primeira compra<\/a><\/li><li class='ez-toc-page-1 ez-toc-heading-level-2'><a class=\"ez-toc-link ez-toc-heading-8\" href=\"https:\/\/decasablog.com.br\/pintura\/fundo-preparador-de-madeira\/#Perguntas_Frequentes_sobre_fundo_preparador_de_madeira\" >Perguntas Frequentes sobre fundo preparador de madeira<\/a><ul class='ez-toc-list-level-3' ><li class='ez-toc-heading-level-3'><a class=\"ez-toc-link ez-toc-heading-9\" href=\"https:\/\/decasablog.com.br\/pintura\/fundo-preparador-de-madeira\/#Fundo_preparador_de_madeira_serve_para_MDF\" >Fundo preparador de madeira serve para MDF?<\/a><\/li><li class='ez-toc-page-1 ez-toc-heading-level-3'><a class=\"ez-toc-link ez-toc-heading-10\" href=\"https:\/\/decasablog.com.br\/pintura\/fundo-preparador-de-madeira\/#Posso_usar_fundo_preparador_de_alvenaria_em_porta_de_madeira\" >Posso usar fundo preparador de alvenaria em porta de madeira?<\/a><\/li><li class='ez-toc-page-1 ez-toc-heading-level-3'><a class=\"ez-toc-link ez-toc-heading-11\" href=\"https:\/\/decasablog.com.br\/pintura\/fundo-preparador-de-madeira\/#Qual_lixa_usar_antes_e_depois_do_fundo_preparador_de_madeira\" >Qual lixa usar antes e depois do fundo preparador de madeira?<\/a><\/li><li class='ez-toc-page-1 ez-toc-heading-level-3'><a class=\"ez-toc-link ez-toc-heading-12\" href=\"https:\/\/decasablog.com.br\/pintura\/fundo-preparador-de-madeira\/#O_fundo_preparador_de_madeira_bloqueia_tanino_em_madeira_macica\" >O fundo preparador de madeira bloqueia tanino em madeira maci\u00e7a?<\/a><\/li><li class='ez-toc-page-1 ez-toc-heading-level-3'><a class=\"ez-toc-link ez-toc-heading-13\" href=\"https:\/\/decasablog.com.br\/pintura\/fundo-preparador-de-madeira\/#Compensado_precisa_de_fundo_preparador_de_madeira_ou_selador\" >Compensado precisa de fundo preparador de madeira ou selador?<\/a><\/li><\/ul><\/li><\/ul><\/nav><\/div>\n\n<p>O fundo de alvenaria pode at\u00e9 parecer mais barato, mas gera falha de pel\u00edcula, mancha amarelada e maior consumo de tinta ao final.<\/p>\n<h2><span class=\"ez-toc-section\" id=\"Protocolo_simples_que_funciona_em_porta_MDF_compensado_e_madeira_macica\"><\/span>Protocolo simples que funciona em porta, MDF, compensado e madeira maci\u00e7a<span class=\"ez-toc-section-end\"><\/span><\/h2>\n<ol>\n<li><strong>Lixe<\/strong> a superf\u00edcie com lixa <strong>120\u2013180<\/strong> antes do fundo. Isso abre microancoragem e remove brilho, poeira e partes fri\u00e1veis.<\/li>\n<li><strong>Limpe<\/strong> o p\u00f3 com pano seco ou aspirador. Sem isso, a pel\u00edcula perde ader\u00eancia e a consolida\u00e7\u00e3o fica irregular.<\/li>\n<li><strong>Aplique<\/strong> o fundo espec\u00edfico em camada uniforme. Em MDF e compensado, refor\u00e7e bordas e cantos.<\/li>\n<li><strong>Aguarde<\/strong> a secagem de <strong>2\u20134 horas<\/strong>. Em litoral \u00famido, a cura superficial pode demorar mais.<\/li>\n<li><strong>Lixe<\/strong> novamente com lixa <strong>220<\/strong>. Essa etapa remove pelos levantados e melhora o revestimento final.<\/li>\n<li><strong>Pinte<\/strong> s\u00f3 depois da superf\u00edcie homog\u00eanea. A tinta de acabamento adere melhor e tende a exigir menos dem\u00e3os.<\/li>\n<\/ol>\n<div style=\"border-left:4px solid #f59e0b;background:#fffbeb;padding:12px;border-radius:6px;\"><strong>Aviso t\u00e9cnico:<\/strong> em ambientes com umidade alta, falta de ventila\u00e7\u00e3o ou madeira resinosa, a secagem pode parecer conclu\u00edda por fora e ainda n\u00e3o estar estabilizada por dentro.<\/div>\n<h2><span class=\"ez-toc-section\" id=\"O_passo_que_mais_reduz_demaos_no_acabamento\"><\/span>O passo que mais reduz dem\u00e3os no acabamento<span class=\"ez-toc-section-end\"><\/span><\/h2>\n<p>Ap\u00f3s o fundo preparador de madeira secar, lixe levemente com lixa 220 antes da tinta \u2014 remove pelos levantados pelo fundo e cria superf\u00edcie mais lisa e receptiva, reduzindo o n\u00famero de dem\u00e3os de acabamento.<\/p>\n<ol>\n<li>Use press\u00e3o leve para n\u00e3o atravessar a pel\u00edcula. O objetivo \u00e9 uniformizar, n\u00e3o remover o fundo.<\/li>\n<li>Em madeira maci\u00e7a, observe se surgiram veios mais vis\u00edveis. Se surgirem, a superf\u00edcie ainda pede nova corre\u00e7\u00e3o antes do acabamento.<\/li>\n<li>Se a pe\u00e7a estiver em \u00e1rea costeira, espere o interior estabilizar. A umidade pode alterar a secagem e a absor\u00e7\u00e3o.<\/li>\n<\/ol>\n<p>Aplicando isso em porta, MDF, compensado ou madeira maci\u00e7a, a chance de mancha e retrabalho cai de forma clara.<\/p>\n<h2><span class=\"ez-toc-section\" id=\"O_erro_caro_que_ainda_acontece_em_reforma_caseira\"><\/span>O erro caro que ainda acontece em reforma caseira<span class=\"ez-toc-section-end\"><\/span><\/h2>\n<p><strong>Usar fundo preparador de alvenaria em madeira por ser mais acess\u00edvel \u2014 o fundo de alvenaria n\u00e3o bloqueia o tanino e a resina da madeira, que migram atrav\u00e9s da tinta causando manchas amarelas permanentes.<\/strong><\/p>\n<p><strong>O erro:<\/strong> aplicar produto de alvenaria em porta, MDF ou compensado. Isso ocorre porque o produto foi formulado para substrato mineral, n\u00e3o para fibras lignocelul\u00f3sicas.<\/p>\n<p><strong>Por que acontece:<\/strong> a madeira tem porosidade, movimento higrosc\u00f3pico e emiss\u00e3o de tanino diferente da argamassa. Sem penetra\u00e7\u00e3o adequada, n\u00e3o h\u00e1 consolida\u00e7\u00e3o nem ancoragem correta.<\/p>\n<p><strong>Consequ\u00eancia t\u00e9cnica:<\/strong> a pel\u00edcula pode falhar ap\u00f3s <strong>2\u20134 horas<\/strong> de secagem aparente e surgir mancha mesmo sob tinta branca.<\/p>\n<p><strong>Como evitar:<\/strong> escolha fundo espec\u00edfico para madeira, siga lixamento <strong>120\u2013180<\/strong> antes e <strong>220<\/strong> depois, e confirme a base na <strong>NBR 11702:2021<\/strong>.<\/p>\n<h2><span class=\"ez-toc-section\" id=\"Veredito_tecnico_para_quem_quer_acertar_ja_na_primeira_compra\"><\/span>Veredito t\u00e9cnico para quem quer acertar j\u00e1 na primeira compra<span class=\"ez-toc-section-end\"><\/span><\/h2>\n<p>O <strong>fundo preparador de madeira<\/strong> certo \u00e9 o que penetra nas fibras, bloqueia tanino e respeita o ciclo de lixamento e secagem definido por boletins t\u00e9cnicos e pela <strong>NBR 11702:2021<\/strong>.<\/p>\n<p>Ele \u00e9 indicado para quem vai pintar porta, MDF, compensado ou madeira maci\u00e7a sem cabine, sem compressor e sem equipe profissional, cen\u00e1rio comum na reforma brasileira.<\/p>\n<p>Antes de fechar a compra, confira disponibilidade e pre\u00e7o na Amazon Brasil e veja se o r\u00f3tulo especifica uso em madeira, n\u00e3o em alvenaria.<\/p>\n<div style=\"white-space:normal;\"><a href=\"https:\/\/amzn.to\/4d3tBUZ\" target=\"_blank\" rel=\"noopener sponsored\" style=\"display:block;width:100%;box-sizing:border-box;border-radius:999px;padding:13px;font-weight:bold;text-align:center;text-decoration:none;color:#111;background:linear-gradient(to right,#FFE083,#F5C400);\">Ver na Amazon<\/a><\/div>\n<p><strong>Aviso importante:<\/strong> este artigo resume dados t\u00e9cnicos e n\u00e3o substitui boletins t\u00e9cnicos oficiais nem avalia\u00e7\u00e3o profissional para condi\u00e7\u00f5es espec\u00edficas.<\/p>\n<h2><span class=\"ez-toc-section\" id=\"Perguntas_Frequentes_sobre_fundo_preparador_de_madeira\"><\/span>Perguntas Frequentes sobre fundo preparador de madeira<span class=\"ez-toc-section-end\"><\/span><\/h2>\n<div style=\"margin-bottom:1.5rem;\">\n<h3><span class=\"ez-toc-section\" id=\"Fundo_preparador_de_madeira_serve_para_MDF\"><\/span>Fundo preparador de madeira serve para MDF?<span class=\"ez-toc-section-end\"><\/span><\/h3>\n<p>Sim, desde que seja espec\u00edfico para madeira e aplicado ap\u00f3s lixamento 120\u2013180. No MDF, a borda costuma absorver mais que a face, ent\u00e3o a cobertura deve ser homog\u00eanea.<\/p>\n<p>Depois da secagem de 2\u20134 horas, fa\u00e7a lixamento leve com 220 antes da tinta. Isso melhora a textura e reduz consumo de acabamento.<\/p>\n<\/div>\n<div style=\"margin-bottom:1.5rem;\">\n<h3><span class=\"ez-toc-section\" id=\"Posso_usar_fundo_preparador_de_alvenaria_em_porta_de_madeira\"><\/span>Posso usar fundo preparador de alvenaria em porta de madeira?<span class=\"ez-toc-section-end\"><\/span><\/h3>\n<p>N\u00e3o, porque o produto mineral n\u00e3o penetra nas fibras nem bloqueia tanino. O resultado costuma ser mancha, baixa ader\u00eancia e falha de pel\u00edcula.<\/p>\n<p>Conforme a NBR 11702:2021, a escolha deve respeitar o substrato. Em madeira maci\u00e7a e compensado, o uso correto evita retrabalho.<\/p>\n<\/div>\n<div style=\"margin-bottom:1.5rem;\">\n<h3><span class=\"ez-toc-section\" id=\"Qual_lixa_usar_antes_e_depois_do_fundo_preparador_de_madeira\"><\/span>Qual lixa usar antes e depois do fundo preparador de madeira?<span class=\"ez-toc-section-end\"><\/span><\/h3>\n<p>120\u2013180 antes do fundo e 220 ap\u00f3s a secagem. Esse par de lixas cria ancoragem e deixa a superf\u00edcie pronta para a tinta de acabamento.<\/p>\n<p>Se a madeira estiver muito porosa, refa\u00e7a a limpeza do p\u00f3 antes da pintura. Isso preserva a coes\u00e3o da pel\u00edcula.<\/p>\n<\/div>\n<div style=\"margin-bottom:1.5rem;\">\n<h3><span class=\"ez-toc-section\" id=\"O_fundo_preparador_de_madeira_bloqueia_tanino_em_madeira_macica\"><\/span>O fundo preparador de madeira bloqueia tanino em madeira maci\u00e7a?<span class=\"ez-toc-section-end\"><\/span><\/h3>\n<p>Sim, quando o produto \u00e9 espec\u00edfico para madeira e aplicado corretamente. Em esp\u00e9cies mais resinosa, ele reduz o risco de manchas amareladas sob tinta clara.<\/p>\n<p>A an\u00e1lise t\u00e9cnica indica que o bloqueio depende de penetra\u00e7\u00e3o e da secagem correta entre dem\u00e3os. Em clima \u00famido, respeite as 2\u20134 horas com folga.<\/p>\n<\/div>\n<div style=\"margin-bottom:1.5rem;\">\n<h3><span class=\"ez-toc-section\" id=\"Compensado_precisa_de_fundo_preparador_de_madeira_ou_selador\"><\/span>Compensado precisa de fundo preparador de madeira ou selador?<span class=\"ez-toc-section-end\"><\/span><\/h3>\n<p>Compensado costuma responder melhor ao fundo preparador de madeira, porque a absor\u00e7\u00e3o \u00e9 mais irregular. O selador pode n\u00e3o corrigir falhas de fibras expostas com a mesma efici\u00eancia.<\/p>\n<p>Depois do fundo, lixe com 220 e s\u00f3 ent\u00e3o aplique a tinta. Isso melhora a uniformidade visual e a ader\u00eancia.<\/p>\n<\/div>\n<p><script type=\"application\/ld+json\">{\"@context\":\"https:\/\/schema.org\",\"@type\":\"FAQPage\",\"mainEntity\":[{\"@type\":\"Question\",\"name\":\"Fundo preparador de madeira serve para MDF?\",\"acceptedAnswer\":{\"@type\":\"Answer\",\"text\":\"Sim, desde que seja espec\u00edfico para madeira e aplicado ap\u00f3s lixamento 120\u2013180. No MDF, a borda costuma absorver mais que a face, ent\u00e3o a cobertura deve ser homog\u00eanea. Depois da secagem de 2\u20134 horas, fa\u00e7a lixamento leve com 220 antes da tinta. Isso melhora a textura e reduz consumo de acabamento.\"}},{\"@type\":\"Question\",\"name\":\"Posso usar fundo preparador de alvenaria em porta de madeira?\",\"acceptedAnswer\":{\"@type\":\"Answer\",\"text\":\"N\u00e3o, porque o produto mineral n\u00e3o penetra nas fibras nem bloqueia tanino. O resultado costuma ser mancha, baixa ader\u00eancia e falha de pel\u00edcula. Conforme a NBR 11702:2021, a escolha deve respeitar o substrato. Em madeira maci\u00e7a e compensado, o uso correto evita retrabalho.\"}},{\"@type\":\"Question\",\"name\":\"Qual lixa usar antes e depois do fundo preparador de madeira?\",\"acceptedAnswer\":{\"@type\":\"Answer\",\"text\":\"120\u2013180 antes do fundo e 220 ap\u00f3s a secagem. Esse par de lixas cria ancoragem e deixa a superf\u00edcie pronta para a tinta de acabamento. Se a madeira estiver muito porosa, refa\u00e7a a limpeza do p\u00f3 antes da pintura. Isso preserva a coes\u00e3o da pel\u00edcula.\"}},{\"@type\":\"Question\",\"name\":\"O fundo preparador de madeira bloqueia tanino em madeira maci\u00e7a?\",\"acceptedAnswer\":{\"@type\":\"Answer\",\"text\":\"Sim, quando o produto \u00e9 espec\u00edfico para madeira e aplicado corretamente. Em esp\u00e9cies mais resinosa, ele reduz o risco de manchas amareladas sob tinta clara. A an\u00e1lise t\u00e9cnica indica que o bloqueio depende de penetra\u00e7\u00e3o e da secagem correta entre dem\u00e3os. Em clima \u00famido, respeite as 2\u20134 horas com folga.\"}},{\"@type\":\"Question\",\"name\":\"Compensado precisa de fundo preparador de madeira ou selador?\",\"acceptedAnswer\":{\"@type\":\"Answer\",\"text\":\"Compensado costuma responder melhor ao fundo preparador de madeira, porque a absor\u00e7\u00e3o \u00e9 mais irregular. O selador pode n\u00e3o corrigir falhas de fibras expostas com a mesma efici\u00eancia. Depois do fundo, lixe com 220 e s\u00f3 ent\u00e3o aplique a tinta. Isso melhora a uniformidade visual e a ader\u00eancia.\"}}]}<\/script><\/p>\n<p><script type=\"application\/ld+json\">{\"@context\":\"https:\/\/schema.org\",\"@type\":\"Article\",\"headline\":\"Fundo preparador de madeira: qual o certo e como aplicar sem errar\",\"author\":{\"@type\":\"Person\",\"name\":\"Equipe Editorial DecasaBlog\",\"jobTitle\":\"Especialista em Reformas e Pintura Residencial\"},\"publisher\":{\"@type\":\"Organization\",\"name\":\"DecasaBlog\"},\"datePublished\":\"2026-01-01\",\"dateModified\":\"2026-04-01\",\"description\":\"Descubra qual fundo preparador de madeira usar por tipo de superf\u00edcie e como aplicar corretamente para evitar manchas e descascamento.\",\"about\":{\"@type\":\"Thing\",\"name\":\"fundo preparador de parede\"}}}<\/script><\/p>\n<p><script type=\"application\/ld+json\">{\"@context\":\"https:\/\/schema.org\",\"@type\":\"Product\",\"name\":\"fundo preparador de parede\",\"description\":\"An\u00e1lise t\u00e9cnica do fundo preparador de madeira por tipo: porta, MDF, compensado e madeira maci\u00e7a \u2014 diferen\u00e7a entre fundo espec\u00edfico e fundo de alvenaria em madeira, e protocolo de lixamento e aplica\u00e7\u00e3o.\",\"offers\":{\"@type\":\"Offer\",\"url\":\"https:\/\/amzn.to\/4d3tBUZ\",\"priceCurrency\":\"BRL\",\"availability\":\"https:\/\/schema.org\/InStock\"}}}<\/script><\/p>\n<p>&nbsp;<\/p>\n<ul class=\"page-generator-pro-related-links page-generator-pro-related-links-columns-1 page-generator-pro-related-links-prev-next page-generator-pro-related-links-vertical\"><li class=\"prev\">\n                            <a href=\"https:\/\/decasablog.com.br\/pintura\/fundo-preparador-de-gesso\/\" title=\"Fundo preparador de gesso: por que \u00e9 obrigat\u00f3rio e qual produto usar\">Fundo preparador de gesso: por que \u00e9 obrigat\u00f3rio e qual produto usar\n                            <\/a>\n                        <\/li><li class=\"next\">\n                            <a href=\"https:\/\/decasablog.com.br\/pintura\/fundo-preparador-de-parede-18l\/\" title=\"Fundo preparador de parede 18l: rendimento real e como calcular a quantidade\">Fundo preparador de parede 18l: rendimento real e como calcular a quantidade\n                            <\/a>\n                        <\/li><\/ul>\n<p>&nbsp;<\/p>\n<p><a href=\"https:\/\/decasablog.com.br\/pintura\/category\/fundo-preparador\/\">CATEGORIA FUNDO PREPARADOR DE PAREDE<\/a><\/p>\n","protected":false},"excerpt":{"rendered":"<p>O fundo preparador de madeira deve ser espec\u00edfico para madeira: o produto para alvenaria n\u00e3o penetra nas fibras nem bloqueia [&hellip;]<\/p>\n","protected":false},"author":1,"featured_media":154,"comment_status":"closed","ping_status":"closed","sticky":false,"template":"","format":"standard","meta":{"site-sidebar-layout":"default","site-content-layout":"","ast-site-content-layout":"default","site-content-style":"default","site-sidebar-style":"default","ast-global-header-display":"","ast-banner-title-visibility":"","ast-main-header-display":"","ast-hfb-above-header-display":"","ast-hfb-below-header-display":"","ast-hfb-mobile-header-display":"","site-post-title":"","ast-breadcrumbs-content":"","ast-featured-img":"","footer-sml-layout":"","ast-disable-related-posts":"","theme-transparent-header-meta":"default","adv-header-id-meta":"","stick-header-meta":"","header-above-stick-meta":"","header-main-stick-meta":"","header-below-stick-meta":"","astra-migrate-meta-layouts":"set","ast-page-background-enabled":"default","ast-page-background-meta":{"desktop":{"background-color":"var(--ast-global-color-5)","background-image":"","background-repeat":"repeat","background-position":"center center","background-size":"auto","background-attachment":"scroll","background-type":"","background-media":"","overlay-type":"","overlay-color":"","overlay-opacity":"","overlay-gradient":""},"tablet":{"background-color":"","background-image":"","background-repeat":"repeat","background-position":"center center","background-size":"auto","background-attachment":"scroll","background-type":"","background-media":"","overlay-type":"","overlay-color":"","overlay-opacity":"","overlay-gradient":""},"mobile":{"background-color":"","background-image":"","background-repeat":"repeat","background-position":"center center","background-size":"auto","background-attachment":"scroll","background-type":"","background-media":"","overlay-type":"","overlay-color":"","overlay-opacity":"","overlay-gradient":""}},"ast-content-background-meta":{"desktop":{"background-color":"var(--ast-global-color-4)","background-image":"","background-repeat":"repeat","background-position":"center center","background-size":"auto","background-attachment":"scroll","background-type":"","background-media":"","overlay-type":"","overlay-color":"","overlay-opacity":"","overlay-gradient":""},"tablet":{"background-color":"var(--ast-global-color-4)","background-image":"","background-repeat":"repeat","background-position":"center center","background-size":"auto","background-attachment":"scroll","background-type":"","background-media":"","overlay-type":"","overlay-color":"","overlay-opacity":"","overlay-gradient":""},"mobile":{"background-color":"var(--ast-global-color-4)","background-image":"","background-repeat":"repeat","background-position":"center center","background-size":"auto","background-attachment":"scroll","background-type":"","background-media":"","overlay-type":"","overlay-color":"","overlay-opacity":"","overlay-gradient":""}},"fifu_image_url":"","fifu_image_alt":"","footnotes":""},"categories":[54],"tags":[],"class_list":["post-1603","post","type-post","status-publish","format-standard","has-post-thumbnail","hentry","category-fundo-preparador"],"_links":{"self":[{"href":"https:\/\/decasablog.com.br\/pintura\/wp-json\/wp\/v2\/posts\/1603","targetHints":{"allow":["GET"]}}],"collection":[{"href":"https:\/\/decasablog.com.br\/pintura\/wp-json\/wp\/v2\/posts"}],"about":[{"href":"https:\/\/decasablog.com.br\/pintura\/wp-json\/wp\/v2\/types\/post"}],"author":[{"embeddable":true,"href":"https:\/\/decasablog.com.br\/pintura\/wp-json\/wp\/v2\/users\/1"}],"replies":[{"embeddable":true,"href":"https:\/\/decasablog.com.br\/pintura\/wp-json\/wp\/v2\/comments?post=1603"}],"version-history":[{"count":2,"href":"https:\/\/decasablog.com.br\/pintura\/wp-json\/wp\/v2\/posts\/1603\/revisions"}],"predecessor-version":[{"id":1697,"href":"https:\/\/decasablog.com.br\/pintura\/wp-json\/wp\/v2\/posts\/1603\/revisions\/1697"}],"wp:featuredmedia":[{"embeddable":true,"href":"https:\/\/decasablog.com.br\/pintura\/wp-json\/wp\/v2\/media\/154"}],"wp:attachment":[{"href":"https:\/\/decasablog.com.br\/pintura\/wp-json\/wp\/v2\/media?parent=1603"}],"wp:term":[{"taxonomy":"category","embeddable":true,"href":"https:\/\/decasablog.com.br\/pintura\/wp-json\/wp\/v2\/categories?post=1603"},{"taxonomy":"post_tag","embeddable":true,"href":"https:\/\/decasablog.com.br\/pintura\/wp-json\/wp\/v2\/tags?post=1603"}],"curies":[{"name":"wp","href":"https:\/\/api.w.org\/{rel}","templated":true}]}}