{"id":1579,"date":"2026-04-27T02:14:55","date_gmt":"2026-04-27T02:14:55","guid":{"rendered":"https:\/\/decasablog.com.br\/pintura\/papel-adesivo-preto-5-metros-para-decoracao-de-paredes-e-moveis\/"},"modified":"2026-04-27T02:14:55","modified_gmt":"2026-04-27T02:14:55","slug":"papel-adesivo-preto-5-metros-para-decoracao-de-paredes-e-moveis","status":"publish","type":"post","link":"https:\/\/decasablog.com.br\/pintura\/papel-adesivo-preto-5-metros-para-decoracao-de-paredes-e-moveis\/","title":{"rendered":"Papel Adesivo Preto 5 Metros para Decora\u00e7\u00e3o de Paredes e M\u00f3veis"},"content":{"rendered":"<p>O <strong>papel adesivo preto<\/strong> \u00e9 uma solu\u00e7\u00e3o pr\u00e1tica e vers\u00e1til para quem deseja renovar ambientes com facilidade, seja em paredes, m\u00f3veis ou eletrodom\u00e9sticos. Segundo avalia\u00e7\u00f5es verificadas na Amazon Brasil, este produto oferece uma boa transforma\u00e7\u00e3o est\u00e9tica, combinando simplicidade na aplica\u00e7\u00e3o com um acabamento moderno e elegante. Com 5 metros de comprimento, ele atende a projetos variados, proporcionando um resultado visual sofisticado.<\/p>\n<p>Entretanto, escolher o papel adesivo ideal pode ser um desafio diante da variedade de op\u00e7\u00f5es no mercado, especialmente na categoria Ferramentas e Materiais de Constru\u00e7\u00e3o > Materiais de Pintura, Ferramentas e Tratamentos de Parede > Artigos Papel Parede > Adesivos de Papel de Parede. O consumidor precisa considerar fatores como a espessura do material, resist\u00eancia ao sol, facilidade de aplica\u00e7\u00e3o e remo\u00e7\u00e3o, al\u00e9m da compatibilidade com diferentes superf\u00edcies, pontos que o papel adesivo preto da Gen\u00e9rico busca atender.<\/p>\n<p>Com base nas especifica\u00e7\u00f5es t\u00e9cnicas e nas avalia\u00e7\u00f5es de usu\u00e1rios, espera-se que o papel adesivo preto da Gen\u00e9rico proporcione uma aplica\u00e7\u00e3o simples e r\u00e1pida, gra\u00e7as ao seu formato autocolante e material em vinil. Ele \u00e9 indicado para quem quer dar um toque moderno e discreto usando uma cor s\u00f3bria como o preto fosco, e pode ser aplicado em v\u00e1rias superf\u00edcies, desde paredes at\u00e9 m\u00f3veis e geladeiras, o que amplia seu uso em ambientes residenciais e comerciais.<\/p>\n<p>Este artigo analisa todos os aspectos do produto Gen\u00e9rico, modelo 9106, com destaque para sua fun\u00e7\u00e3o e benef\u00edcios, sempre considerando o contexto da categoria Ferramentas e Materiais de Constru\u00e7\u00e3o > Materiais de Pintura, Ferramentas e Tratamentos de Parede > Artigos Papel Parede > Adesivos de Papel de Parede. O papel adesivo preto da Gen\u00e9rico (ASIN B0DMPRPNMM) tem potencial para ser uma solu\u00e7\u00e3o pr\u00e1tica para quem busca renovar ambientes com custo-benef\u00edcio interessante e facilidade na aplica\u00e7\u00e3o.<\/p>\n<p><!-- AD PLACEMENT --><\/p>\n<div style=\"background:#f5f5f5; border-left:4px solid orange; padding:12px; border-radius:6px; margin-bottom:16px;\">\n<strong>5 \u2b50\u2b50\u2b50\u2b50\u2b50<\/strong> baseado em avalia\u00e7\u00f5es verificadas na Amazon Brasil.\n<small>Produto: Papel Adesivo Preto, 5 Metros, Para Decora\u00e7\u00e3o de Paredes e M\u00f3veis \u2014 ASIN B0DMPRPNMM<\/small>\n<\/div>\n<div style=\"background:#fff; border:1px solid #e0e0e0; border-radius:8px; padding:16px; width:100%; box-shadow:0 2px 6px rgba(0,0,0,0.06); margin:16px 0;\">\n<img decoding=\"async\" src=\"https:\/\/m.media-amazon.com\/images\/I\/41CuF02xPLL._AC_SL1000_.jpg\" alt=\"Papel Adesivo Preto Gen\u00e9rico\" style=\"width:100%; border-radius:8px; margin-bottom:12px; display:block;\">\n<a href=\"https:\/\/amazon.com.br\/dp\/B0DMPRPNMM?tag=tinta01-20\" target=\"_blank\" rel=\"noopener sponsored\" style=\"display:block; width:100%; border-radius:999px; padding:13px; text-align:center; font-weight:bold; text-decoration:none; color:#111; background:linear-gradient(90deg, #FFE083, #F5C400);\">Ver na Amazon<\/a>\n<\/div>\n<p>Confira o pre\u00e7o atual e a disponibilidade diretamente na Amazon Brasil antes de decidir.<\/p>\n<p>O papel adesivo preto da Gen\u00e9rico \u00e9 um produto autocolante fabricado em vinil, com 5 metros de comprimento, destinado \u00e0 decora\u00e7\u00e3o de paredes, m\u00f3veis e eletrodom\u00e9sticos. Ele faz parte da categoria de Adesivos de Papel de Parede dentro de Ferramentas e Materiais de Constru\u00e7\u00e3o > Materiais de Pintura, Ferramentas e Tratamentos de Parede > Artigos Papel Parede. Segundo dados do fabricante, sua aplica\u00e7\u00e3o \u00e9 simples e r\u00e1pida, ideal para quem deseja transformar o ambiente sem trabalhos complexos.<\/p>\n<h2>Vis\u00e3o geral do papel adesivo preto<\/h2>\n<p>O papel adesivo preto \u00e9 um rolo de vinil autocolante que serve para personalizar e renovar superf\u00edcies, conferindo um acabamento fosco e elegante. Seu principal benef\u00edcio \u00e9 facilitar a decora\u00e7\u00e3o sem a necessidade de pintura ou reformas, podendo ser aplicado em paredes, m\u00f3veis, arm\u00e1rios e eletrodom\u00e9sticos. Este produto da Gen\u00e9rico, com 5 metros de comprimento, oferece uma quantidade adequada para projetos residenciais de pequeno e m\u00e9dio porte.<\/p>\n<p>Este produto \u00e9 mais indicado do que pap\u00e9is adesivos com espessura reduzida quando o usu\u00e1rio busca um material resistente e com boa cobertura, evitando marcas e rasgos frequentes. Por outro lado, pode n\u00e3o ser a melhor op\u00e7\u00e3o para quem precisa de um acabamento extremamente resistente \u00e0 luz solar direta, pois algumas avalia\u00e7\u00f5es indicam altera\u00e7\u00e3o da cor com o sol.<\/p>\n<h2>Especifica\u00e7\u00f5es t\u00e9cnicas e o que significam na pr\u00e1tica<\/h2>\n<table>\n<thead>\n<tr>\n<th>Especifica\u00e7\u00e3o<\/th>\n<th>Detalhe<\/th>\n<\/tr>\n<\/thead>\n<tbody>\n<tr>\n<td>Marca<\/td>\n<td>Gen\u00e9rico<\/td>\n<\/tr>\n<tr>\n<td>Modelo<\/td>\n<td>9106<\/td>\n<\/tr>\n<tr>\n<td>Cor<\/td>\n<td>Preto fosco<\/td>\n<\/tr>\n<tr>\n<td>Material<\/td>\n<td>Vinil adesivo<\/td>\n<\/tr>\n<tr>\n<td>Tamanho<\/td>\n<td>5 metros de comprimento<\/td>\n<\/tr>\n<tr>\n<td>Compatibilidade<\/td>\n<td>Superf\u00edcies variadas (paredes, m\u00f3veis, eletrodom\u00e9sticos)<\/td>\n<\/tr>\n<tr>\n<td>Pa\u00eds de origem<\/td>\n<td>Brasil<\/td>\n<\/tr>\n<tr>\n<td>Ranking em vendas<\/td>\n<td>2.306 em Ferramentas e Materiais de Constru\u00e7\u00e3o, 3\u00ba em Adesivos de Papel de Parede<\/td>\n<\/tr>\n<\/tbody>\n<\/table>\n<p>O material em vinil garante maior flexibilidade e resist\u00eancia ao desgaste do dia a dia, facilitando a aplica\u00e7\u00e3o e a adapta\u00e7\u00e3o em superf\u00edcies com diferentes texturas. O comprimento de 5 metros proporciona cobertura suficiente para projetos residenciais t\u00edpicos, evitando desperd\u00edcios.<\/p>\n<p>O acabamento preto fosco oferece um visual s\u00f3brio e moderno, adequado para ambientes que buscam eleg\u00e2ncia discreta. A compatibilidade com diversas superf\u00edcies amplia o uso para m\u00f3veis, paredes e at\u00e9 eletrodom\u00e9sticos, o que agrega valor para quem quer renovar sem trocar os itens.<\/p>\n<p>O fato de ser fabricado no Brasil agrega seguran\u00e7a quanto a certifica\u00e7\u00f5es locais e atendimento a normas vigentes, embora o produto n\u00e3o apresente certifica\u00e7\u00f5es espec\u00edficas do INMETRO. O ranking de vendas mostra que este modelo est\u00e1 bem posicionado na categoria, o que indica boa aceita\u00e7\u00e3o no mercado nacional.<\/p>\n<h2>Desempenho real: o que dizem os compradores<\/h2>\n<p>Segundo compradores verificados na Amazon Brasil, o papel adesivo preto da Gen\u00e9rico apresenta facilidade na aplica\u00e7\u00e3o e remo\u00e7\u00e3o, sendo poss\u00edvel instal\u00e1-lo sem ajuda profissional. Muitos relatos indicam que o autocolante cumpre seu prop\u00f3sito de renovar ambientes com um acabamento elegante.<\/p>\n<p>Por outro lado, parte das avalia\u00e7\u00f5es menciona que o material \u00e9 relativamente fino, o que pode levar a marcas e pequenos rasgos durante a manipula\u00e7\u00e3o ou ap\u00f3s exposi\u00e7\u00e3o ao sol, que pode alterar o tom para marrom. Isso reduz a durabilidade em ambientes externos ou muito iluminados.<\/p>\n<p>Alguns usu\u00e1rios apontam o bom custo-benef\u00edcio, destacando que o produto atende bem para projetos simples e r\u00e1pidos. No entanto, h\u00e1 cr\u00edticas sobre a qualidade do vinil ser semelhante a papel de presente, o que exige cuidado no manuseio para evitar danos.<\/p>\n<h2>Vantagens e pontos de aten\u00e7\u00e3o<\/h2>\n<table>\n<thead>\n<tr>\n<th>Vantagens<\/th>\n<th>Desvantagens<\/th>\n<\/tr>\n<\/thead>\n<tbody>\n<tr>\n<td>\u2714 F\u00e1cil aplica\u00e7\u00e3o autocolante<\/td>\n<td>\u2718 Material fino e delicado<\/td>\n<\/tr>\n<tr>\n<td>\u2714 Versatilidade para v\u00e1rias superf\u00edcies<\/td>\n<td>\u2718 Pode desbotar com exposi\u00e7\u00e3o ao sol<\/td>\n<\/tr>\n<tr>\n<td>\u2714 Acabamento preto fosco elegante<\/td>\n<td>\u2718 Risco de rasgos durante instala\u00e7\u00e3o<\/td>\n<\/tr>\n<tr>\n<td>\u2714 Rolo com 5 metros para projetos m\u00e9dios<\/td>\n<td>\u2718 N\u00e3o possui certifica\u00e7\u00e3o INMETRO expl\u00edcita<\/td>\n<\/tr>\n<tr>\n<td>\u2714 Fabricado no Brasil<\/td>\n<td>\u2718 Alguns usu\u00e1rios relatam aspecto semelhante a papel de presente<\/td>\n<\/tr>\n<tr>\n<td>\u2714 Remo\u00e7\u00e3o sem danificar superf\u00edcies<\/td>\n<td>\u2718 Pode n\u00e3o ser ideal para \u00e1reas externas<\/td>\n<\/tr>\n<tr>\n<td>\u2714 Adequado para aplica\u00e7\u00e3o individual<\/td>\n<td>\u2718 Pouca resist\u00eancia \u00e0 exposi\u00e7\u00e3o solar intensa<\/td>\n<\/tr>\n<\/tbody>\n<\/table>\n<h2>Para quem este modelo \u00e9 indicado<\/h2>\n<p>Este papel adesivo preto \u00e9 indicado para consumidores que desejam renovar ambientes internos com rapidez e facilidade, sem a necessidade de ferramentas especiais ou ajuda profissional. \u00c9 ideal para quem busca um acabamento s\u00f3brio e moderno em paredes, m\u00f3veis e eletrodom\u00e9sticos, e prefere uma solu\u00e7\u00e3o tempor\u00e1ria ou de m\u00e9dio prazo.<\/p>\n<p>Este produto \u00e9 mais indicado do que pap\u00e9is adesivos mais finos quando o usu\u00e1rio quer um material que ofere\u00e7a um pouco mais de resist\u00eancia, ainda que n\u00e3o seja completamente imune a rasgos. Por outro lado, n\u00e3o \u00e9 recomendado para quem precisa de alta durabilidade sob sol forte ou para uso externo.<\/p>\n<p>Consumidores que valorizam custo-benef\u00edcio e facilidade de remo\u00e7\u00e3o sem danos \u00e0s superf\u00edcies tamb\u00e9m se beneficiam com este modelo. Por outro lado, quem precisa de um material mais robusto e grosso deve considerar outras op\u00e7\u00f5es do mercado, pois o papel adesivo preto Gen\u00e9rico apresenta limita\u00e7\u00f5es quanto \u00e0 resist\u00eancia.<\/p>\n<h2>Limpeza, manuten\u00e7\u00e3o e durabilidade<\/h2>\n<p>O papel adesivo preto em vinil \u00e9 relativamente f\u00e1cil de limpar, podendo ser higienizado com pano \u00famido para remo\u00e7\u00e3o de poeira e manchas leves, segundo relatos de usu\u00e1rios. Vale lembrar que a limpeza deve ser feita com cuidado para evitar rasgos, devido \u00e0 delicadeza do material.<\/p>\n<p>A durabilidade no dia a dia \u00e9 satisfat\u00f3ria para ambientes internos, mas a exposi\u00e7\u00e3o direta ao sol pode causar altera\u00e7\u00e3o da cor para tons amarronzados, conforme indicado por parte das avalia\u00e7\u00f5es. Dessa forma, \u00e9 recomendado evitar a aplica\u00e7\u00e3o em locais muito iluminados ou externos.<\/p>\n<p>N\u00e3o h\u00e1 informa\u00e7\u00f5es espec\u00edficas sobre garantia formal, o que refor\u00e7a a import\u00e2ncia de avaliar o ambiente de uso para prolongar a vida \u00fatil do adesivo. Manter o papel longe da umidade excessiva e de objetos pontiagudos ajuda a preservar o acabamento e a funcionalidade.<\/p>\n<h2>Vale a pena comprar papel adesivo preto?<\/h2>\n<p>O veredito sobre o papel adesivo preto da Gen\u00e9rico \u00e9 que ele apresenta um bom custo-benef\u00edcio para quem busca uma solu\u00e7\u00e3o pr\u00e1tica, autocolante e com acabamento fosco elegante para renovar ambientes internos. Apesar de algumas limita\u00e7\u00f5es relacionadas \u00e0 espessura do vinil e \u00e0 sensibilidade \u00e0 luz solar, o produto cumpre a fun\u00e7\u00e3o para projetos de decora\u00e7\u00e3o em paredes, m\u00f3veis e eletrodom\u00e9sticos.<\/p>\n<p>Segundo avalia\u00e7\u00f5es verificadas e dados t\u00e9cnicos, este modelo \u00e9 uma alternativa acess\u00edvel e f\u00e1cil de aplicar para quem n\u00e3o deseja investir em reformas ou pinturas tradicionais. Para garantir a melhor experi\u00eancia, recomenda-se aten\u00e7\u00e3o na aplica\u00e7\u00e3o e evitar exposi\u00e7\u00e3o prolongada ao sol para preservar a cor e a integridade do material.<\/p>\n<p>Para conferir o pre\u00e7o e a disponibilidade atual, acesse a Amazon Brasil pelo bot\u00e3o abaixo e garanta seu papel adesivo preto com seguran\u00e7a e comodidade.<\/p>\n<p><!-- AD PLACEMENT --><\/p>\n<div style=\"background:#fff; border:1px solid #e0e0e0; border-radius:8px; padding:16px; width:100%; box-shadow:0 2px 6px rgba(0,0,0,0.06); margin:16px 0;\">\n<img decoding=\"async\" src=\"https:\/\/m.media-amazon.com\/images\/I\/41CuF02xPLL._AC_SL1000_.jpg\" alt=\"Papel Adesivo Preto Gen\u00e9rico\" style=\"width:100%; border-radius:8px; margin-bottom:12px; display:block;\">\n<a href=\"https:\/\/amazon.com.br\/dp\/B0DMPRPNMM?tag=tinta01-20\" target=\"_blank\" rel=\"noopener sponsored\" style=\"display:block; width:100%; border-radius:999px; padding:13px; text-align:center; font-weight:bold; text-decoration:none; color:#111; background:linear-gradient(90deg, #FFE083, #F5C400);\">Ver na Amazon<\/a>\n<\/div>\n<p><em>Pre\u00e7os e disponibilidade podem alterar sem aviso pr\u00e9vio. Este conte\u00fado \u00e9 informativo e n\u00e3o constitui recomenda\u00e7\u00e3o de compra. Verifique as condi\u00e7\u00f5es atualizadas diretamente na Amazon Brasil antes de finalizar sua compra.<\/em><\/p>\n<h2>Perguntas Frequentes sobre papel adesivo preto<\/h2>\n<div style=\"margin-bottom:1.5rem;\">\n<h3>O papel adesivo preto \u00e9 f\u00e1cil de aplicar sozinho?<\/h3>\n<p>Sim, o papel adesivo preto da Gen\u00e9rico \u00e9 autocolante, o que facilita a aplica\u00e7\u00e3o sem necessidade de ajuda profissional. A superf\u00edcie deve estar limpa e seca para melhor ader\u00eancia.<\/p>\n<p>Este atributo permite que o consumidor realize a decora\u00e7\u00e3o de forma r\u00e1pida e pr\u00e1tica, ideal para pequenos reparos e projetos.<\/p>\n<\/div>\n<div style=\"margin-bottom:1.5rem;\">\n<h3>Qual a durabilidade do papel adesivo preto em ambientes com sol?<\/h3>\n<p>N\u00e3o \u00e9 recomendado expor o papel adesivo preto diretamente ao sol por longos per\u00edodos, pois algumas avalia\u00e7\u00f5es indicam que ele pode desbotar e ficar com tom amarronzado.<\/p>\n<p>Para garantir maior durabilidade, o ideal \u00e9 aplic\u00e1-lo em \u00e1reas internas ou sombreadas.<\/p>\n<\/div>\n<div style=\"margin-bottom:1.5rem;\">\n<h3>\u00c9 poss\u00edvel remover o papel adesivo sem danificar a parede?<\/h3>\n<p>Sim, segundo relatos de usu\u00e1rios, a remo\u00e7\u00e3o do papel \u00e9 feita sem danificar superf\u00edcies, desde que realizada com cuidado.<\/p>\n<p>Isso torna o produto adequado para quem busca uma solu\u00e7\u00e3o tempor\u00e1ria ou para quem gosta de renovar a decora\u00e7\u00e3o com frequ\u00eancia.<\/p>\n<\/div>\n<div style=\"margin-bottom:1.5rem;\">\n<h3>Qual o tamanho do rolo de papel adesivo preto?<\/h3>\n<p>O rolo tem 5 metros de comprimento, o que oferece uma boa quantidade para projetos residenciais de pequeno a m\u00e9dio porte.<\/p>\n<p>Essa medida permite cobrir paredes, m\u00f3veis ou eletrodom\u00e9sticos com uma \u00fanica unidade, evitando a necessidade de m\u00faltiplos rolos.<\/p>\n<\/div>\n<div style=\"margin-bottom:1.5rem;\">\n<h3>O material \u00e9 resistente a rasgos?<\/h3>\n<p>N\u00e3o totalmente. Parte das avalia\u00e7\u00f5es aponta que o vinil \u00e9 fino e pode rasgar com facilidade durante a aplica\u00e7\u00e3o ou manipula\u00e7\u00e3o.<\/p>\n<p>Portanto, \u00e9 importante manusear com cuidado para evitar danos e garantir um acabamento uniforme.<\/p>\n<\/div>\n<div style=\"margin-bottom:1.5rem;\">\n<h3>O papel adesivo preto pode ser usado em m\u00f3veis e eletrodom\u00e9sticos?<\/h3>\n<p>Sim, o produto \u00e9 compat\u00edvel com diversas superf\u00edcies, incluindo m\u00f3veis, arm\u00e1rios e eletrodom\u00e9sticos, o que amplia seu uso na decora\u00e7\u00e3o.<\/p>\n<p>Essa versatilidade \u00e9 um dos pontos fortes para quem deseja renovar v\u00e1rios ambientes com o mesmo material.<\/p>\n<\/div>\n<p><script type=\"application\/ld+json\">{\"@context\":\"https:\/\/schema.org\",\"@type\":\"FAQPage\",\"mainEntity\":[{\"@type\":\"Question\",\"name\":\"O papel adesivo preto \u00e9 f\u00e1cil de aplicar sozinho?\",\"acceptedAnswer\":{\"@type\":\"Answer\",\"text\":\"Sim, o papel adesivo preto da Gen\u00e9rico \u00e9 autocolante, o que facilita a aplica\u00e7\u00e3o sem necessidade de ajuda profissional. A superf\u00edcie deve estar limpa e seca para melhor ader\u00eancia. Este atributo permite que o consumidor realize a decora\u00e7\u00e3o de forma r\u00e1pida e pr\u00e1tica, ideal para pequenos reparos e projetos.\"}},{\"@type\":\"Question\",\"name\":\"Qual a durabilidade do papel adesivo preto em ambientes com sol?\",\"acceptedAnswer\":{\"@type\":\"Answer\",\"text\":\"N\u00e3o \u00e9 recomendado expor o papel adesivo preto diretamente ao sol por longos per\u00edodos, pois algumas avalia\u00e7\u00f5es indicam que ele pode desbotar e ficar com tom amarronzado. Para garantir maior durabilidade, o ideal \u00e9 aplic\u00e1-lo em \u00e1reas internas ou sombreadas.\"}},{\"@type\":\"Question\",\"name\":\"\u00c9 poss\u00edvel remover o papel adesivo sem danificar a parede?\",\"acceptedAnswer\":{\"@type\":\"Answer\",\"text\":\"Sim, segundo relatos de usu\u00e1rios, a remo\u00e7\u00e3o do papel \u00e9 feita sem danificar superf\u00edcies, desde que realizada com cuidado. Isso torna o produto adequado para quem busca uma solu\u00e7\u00e3o tempor\u00e1ria ou para quem gosta de renovar a decora\u00e7\u00e3o com frequ\u00eancia.\"}},{\"@type\":\"Question\",\"name\":\"Qual o tamanho do rolo de papel adesivo preto?\",\"acceptedAnswer\":{\"@type\":\"Answer\",\"text\":\"O rolo tem 5 metros de comprimento, o que oferece uma boa quantidade para projetos residenciais de pequeno a m\u00e9dio porte. Essa medida permite cobrir paredes, m\u00f3veis ou eletrodom\u00e9sticos com uma \u00fanica unidade, evitando a necessidade de m\u00faltiplos rolos.\"}},{\"@type\":\"Question\",\"name\":\"O material \u00e9 resistente a rasgos?\",\"acceptedAnswer\":{\"@type\":\"Answer\",\"text\":\"N\u00e3o totalmente. Parte das avalia\u00e7\u00f5es aponta que o vinil \u00e9 fino e pode rasgar com facilidade durante a aplica\u00e7\u00e3o ou manipula\u00e7\u00e3o. Portanto, \u00e9 importante manusear com cuidado para evitar danos e garantir um acabamento uniforme.\"}},{\"@type\":\"Question\",\"name\":\"O papel adesivo preto pode ser usado em m\u00f3veis e eletrodom\u00e9sticos?\",\"acceptedAnswer\":{\"@type\":\"Answer\",\"text\":\"Sim, o produto \u00e9 compat\u00edvel com diversas superf\u00edcies, incluindo m\u00f3veis, arm\u00e1rios e eletrodom\u00e9sticos, o que amplia seu uso na decora\u00e7\u00e3o. Essa versatilidade \u00e9 um dos pontos fortes para quem deseja renovar v\u00e1rios ambientes com o mesmo material.\"}}]}<\/script><\/p>\n<p><script type=\"application\/ld+json\">{\"@context\":\"https:\/\/schema.org\",\"@type\":\"Product\",\"name\":\"Papel Adesivo Preto, 5 Metros, Para Decora\u00e7\u00e3o de Paredes e M\u00f3veis\",\"brand\":{\"@type\":\"Brand\",\"name\":\"Gen\u00e9rico\"},\"sku\":\"B0DMPRPNMM\",\"offers\":{\"@type\":\"Offer\",\"url\":\"https:\/\/amazon.com.br\/dp\/B0DMPRPNMM?tag=tinta01-20\",\"price\":\"29.90\",\"priceCurrency\":\"BRL\",\"priceValidUntil\":\"\"},\"aggregateRating\":{\"@type\":\"AggregateRating\",\"ratingValue\":5,\"bestRating\":5,\"worstRating\":1}}<\/script><\/p>\n<p><!-- ================================================== --><\/p>\n","protected":false},"excerpt":{"rendered":"<p>O papel adesivo preto \u00e9 uma solu\u00e7\u00e3o pr\u00e1tica e vers\u00e1til para quem deseja renovar ambientes com facilidade, seja em paredes, [&hellip;]<\/p>\n","protected":false},"author":1,"featured_media":1580,"comment_status":"open","ping_status":"open","sticky":false,"template":"","format":"standard","meta":{"site-sidebar-layout":"default","site-content-layout":"","ast-site-content-layout":"default","site-content-style":"default","site-sidebar-style":"default","ast-global-header-display":"","ast-banner-title-visibility":"","ast-main-header-display":"","ast-hfb-above-header-display":"","ast-hfb-below-header-display":"","ast-hfb-mobile-header-display":"","site-post-title":"","ast-breadcrumbs-content":"","ast-featured-img":"","footer-sml-layout":"","ast-disable-related-posts":"","theme-transparent-header-meta":"","adv-header-id-meta":"","stick-header-meta":"","header-above-stick-meta":"","header-main-stick-meta":"","header-below-stick-meta":"","astra-migrate-meta-layouts":"default","ast-page-background-enabled":"default","ast-page-background-meta":{"desktop":{"background-color":"var(--ast-global-color-5)","background-image":"","background-repeat":"repeat","background-position":"center center","background-size":"auto","background-attachment":"scroll","background-type":"","background-media":"","overlay-type":"","overlay-color":"","overlay-opacity":"","overlay-gradient":""},"tablet":{"background-color":"","background-image":"","background-repeat":"repeat","background-position":"center center","background-size":"auto","background-attachment":"scroll","background-type":"","background-media":"","overlay-type":"","overlay-color":"","overlay-opacity":"","overlay-gradient":""},"mobile":{"background-color":"","background-image":"","background-repeat":"repeat","background-position":"center center","background-size":"auto","background-attachment":"scroll","background-type":"","background-media":"","overlay-type":"","overlay-color":"","overlay-opacity":"","overlay-gradient":""}},"ast-content-background-meta":{"desktop":{"background-color":"var(--ast-global-color-4)","background-image":"","background-repeat":"repeat","background-position":"center center","background-size":"auto","background-attachment":"scroll","background-type":"","background-media":"","overlay-type":"","overlay-color":"","overlay-opacity":"","overlay-gradient":""},"tablet":{"background-color":"var(--ast-global-color-4)","background-image":"","background-repeat":"repeat","background-position":"center center","background-size":"auto","background-attachment":"scroll","background-type":"","background-media":"","overlay-type":"","overlay-color":"","overlay-opacity":"","overlay-gradient":""},"mobile":{"background-color":"var(--ast-global-color-4)","background-image":"","background-repeat":"repeat","background-position":"center center","background-size":"auto","background-attachment":"scroll","background-type":"","background-media":"","overlay-type":"","overlay-color":"","overlay-opacity":"","overlay-gradient":""}},"fifu_image_url":"https:\/\/m.media-amazon.com\/images\/I\/41CuF02xPLL._AC_SL1000_.jpg","fifu_image_alt":"","footnotes":""},"categories":[37],"tags":[],"class_list":["post-1579","post","type-post","status-publish","format-standard","has-post-thumbnail","hentry","category-materiais-de-pintura-ferramentas-e-tratamentos-de-parede"],"_links":{"self":[{"href":"https:\/\/decasablog.com.br\/pintura\/wp-json\/wp\/v2\/posts\/1579","targetHints":{"allow":["GET"]}}],"collection":[{"href":"https:\/\/decasablog.com.br\/pintura\/wp-json\/wp\/v2\/posts"}],"about":[{"href":"https:\/\/decasablog.com.br\/pintura\/wp-json\/wp\/v2\/types\/post"}],"author":[{"embeddable":true,"href":"https:\/\/decasablog.com.br\/pintura\/wp-json\/wp\/v2\/users\/1"}],"replies":[{"embeddable":true,"href":"https:\/\/decasablog.com.br\/pintura\/wp-json\/wp\/v2\/comments?post=1579"}],"version-history":[{"count":0,"href":"https:\/\/decasablog.com.br\/pintura\/wp-json\/wp\/v2\/posts\/1579\/revisions"}],"wp:featuredmedia":[{"embeddable":true,"href":"https:\/\/decasablog.com.br\/pintura\/wp-json\/wp\/v2\/media\/1580"}],"wp:attachment":[{"href":"https:\/\/decasablog.com.br\/pintura\/wp-json\/wp\/v2\/media?parent=1579"}],"wp:term":[{"taxonomy":"category","embeddable":true,"href":"https:\/\/decasablog.com.br\/pintura\/wp-json\/wp\/v2\/categories?post=1579"},{"taxonomy":"post_tag","embeddable":true,"href":"https:\/\/decasablog.com.br\/pintura\/wp-json\/wp\/v2\/tags?post=1579"}],"curies":[{"name":"wp","href":"https:\/\/api.w.org\/{rel}","templated":true}]}}