{"id":1454,"date":"2026-04-25T14:45:33","date_gmt":"2026-04-25T14:45:33","guid":{"rendered":"https:\/\/decasablog.com.br\/pintura\/?p=1454"},"modified":"2026-04-25T14:45:33","modified_gmt":"2026-04-25T14:45:33","slug":"qual-o-intervalo-de-tempo-entre-as-demaos-da-suvinil-rende-e-cobre-muito","status":"publish","type":"post","link":"https:\/\/decasablog.com.br\/pintura\/qual-o-intervalo-de-tempo-entre-as-demaos-da-suvinil-rende-e-cobre-muito\/","title":{"rendered":"Qual o intervalo de tempo entre as dem\u00e3os da Suvinil Rende e Cobre Muito?"},"content":{"rendered":"<p><strong>Qual o intervalo de tempo entre as dem\u00e3os da Suvinil Rende e Cobre Muito<\/strong>? O intervalo m\u00ednimo entre dem\u00e3os \u00e9 de <strong>4 horas<\/strong> em condi\u00e7\u00f5es normais, perto de <strong>25\u00b0C<\/strong> e com umidade relativa abaixo de <strong>70%<\/strong>. Em cidades litor\u00e2neas, onde a umidade sobe e a alvenaria ret\u00e9m mais \u00e1gua, esse prazo pode exigir avalia\u00e7\u00e3o visual da pel\u00edcula antes da nova camada.<\/p>\n<p>Na pr\u00e1tica brasileira, esse controle \u00e9 decisivo para quem pinta sem equipamento profissional, usando rolo, trincha e boa ventila\u00e7\u00e3o natural. Aplicar cedo demais favorece <strong>marcas de rolo<\/strong>, <strong>arraste de pel\u00edcula<\/strong> e perda de uniformidade no <strong>acabamento fosco<\/strong>, especialmente sobre reboco, massa corrida e concreto em reforma residencial.<\/p>\n<p>Esta an\u00e1lise segue a <strong>NBR 11702:2021<\/strong> e o <strong>Boletim T\u00e9cnico Suvinil Rende e Cobre Muito \u2014 Revis\u00e3o Junho 2025<\/strong>, com foco no comportamento de <strong>ader\u00eancia<\/strong>, <strong>cura qu\u00edmica<\/strong>, <strong>revestimento polim\u00e9rico<\/strong> e secagem em clima brasileiro. O objetivo \u00e9 orientar a repintura com base t\u00e9cnica, sem prometer desempenho fora das condi\u00e7\u00f5es declaradas pelo fabricante.<\/p>\n<h2><span class=\"ez-toc-section\" id=\"Intervalo_de_quatro_horas_entre_demaos_e_risco_de_aplicar_antes_do_tempo\"><\/span>Intervalo de quatro horas entre dem\u00e3os e risco de aplicar antes do tempo<span class=\"ez-toc-section-end\"><\/span><\/h2>\n<div style=\"background:#f8fafc;border-left:4px solid #2563eb;padding:16px;border-radius:6px;margin-bottom:16px;\"><strong>Fonte t\u00e9cnica: Boletim T\u00e9cnico Suvinil Rende e Cobre Muito \u2014 Revis\u00e3o Junho 2025.<\/strong>Norma de refer\u00eancia: NBR 11702:2021.<span style=\"font-size:0.85em;color:#555;\">Artigo atualizado em 2026 \u2014 an\u00e1lise baseada no boletim t\u00e9cnico oficial Suvinil.<\/span><\/div>\n<div style=\"background:#ffffff;border:1px solid #e2e8f0;border-radius:8px;padding:16px;width:100%;box-shadow:0 1px 4px rgba(0,0,0,0.08);\"><img decoding=\"async\" src=\"https:\/\/m.media-amazon.com\/images\/I\/617MKBFocCL._AC_SL1280_.jpg\" width=\"100%\" style=\"border-radius:8px;margin-bottom:12px;\" alt=\"Qual o intervalo de tempo entre as dem\u00e3os da Suvinil Rende e Cobre Muito\" title=\"Qual o intervalo de tempo entre as dem\u00e3os da Suvinil Rende e Cobre Muito\"><a href=\"https:\/\/amzn.to\/4e8UaJw\" style=\"display:block;width:100%;box-sizing:border-box;border-radius:999px;padding:13px;font-weight:bold;text-align:center;text-decoration:none;color:#111;background:linear-gradient(to right,#FFE083,#F5C400);\" target=\"_blank\" rel=\"noopener\">Ver na Amazon<\/a><a href=\"https:\/\/amzn.to\/4e8UaJw\" target=\"_blank\" rel=\"noopener sponsored\" style=\"display:block;text-align:center;font-size:0.85em;color:#555;text-decoration:underline;margin-top:8px;\">Ver pagina completa do produto na Amazon<\/a><\/div>\n<p>Conforme o <strong>Boletim T\u00e9cnico Suvinil Rende e Cobre Muito \u2014 Revis\u00e3o Junho 2025<\/strong>, o intervalo de <strong>4 horas<\/strong> entre dem\u00e3os vale para aplica\u00e7\u00e3o em <strong>base aquosa<\/strong> com temperatura ideal de <strong>10\u201340\u00b0C<\/strong> e umidade relativa abaixo de <strong>85%<\/strong>. A <strong>NBR 11702:2021<\/strong> exige que a pel\u00edcula apresente condi\u00e7\u00e3o adequada de secagem e <strong>ader\u00eancia<\/strong> antes da sobreposi\u00e7\u00e3o, porque a camada ainda em consolida\u00e7\u00e3o perde estabilidade quando recebe nova carga de rolo.<\/p>\n<ul>\n<li><strong>Intervalo entre dem\u00e3os:<\/strong> <strong>4 horas<\/strong> em condi\u00e7\u00f5es normais.<\/li>\n<li><strong>Secagem ao toque:<\/strong> <strong>2 horas<\/strong>, mas isso n\u00e3o autoriza a segunda m\u00e3o.<\/li>\n<li><strong>Secagem final:<\/strong> <strong>12 horas<\/strong> para estabiliza\u00e7\u00e3o superficial.<\/li>\n<li><strong>Temperatura ideal:<\/strong> <strong>10\u201340\u00b0C<\/strong> para aplica\u00e7\u00e3o.<\/li>\n<li><strong>Umidade limite:<\/strong> n\u00e3o aplicar com umidade relativa acima de <strong>85%<\/strong>.<\/li>\n<li><strong>Dem\u00e3os:<\/strong> <strong>2 a 3<\/strong>, conforme cobertura esperada.<\/li>\n<\/ul>\n<p>Quando a repintura ocorre antes do tempo, a nova passagem do rolo altera a <strong>tens\u00e3o superficial<\/strong> da pel\u00edcula ainda fresca e puxa material j\u00e1 nivelado, criando trilhas e emendas vis\u00edveis. Em paredes de <strong>alvenaria<\/strong>, que s\u00e3o o substrato dominante nas reformas brasileiras, o efeito \u00e9 mais evidente porque o reboco e a massa absorvem de forma irregular.<\/p>\n<h2><span class=\"ez-toc-section\" id=\"Mecanismo_tecnico_do_arraste_de_pelicula_e_das_marcas_de_rolo\"><\/span>Mecanismo t\u00e9cnico do arraste de pel\u00edcula e das marcas de rolo<span class=\"ez-toc-section-end\"><\/span><\/h2>\n<p>A pel\u00edcula da tinta acr\u00edlica precisa de tempo para perder \u00e1gua, reorganizar a <strong>emuls\u00e3o acr\u00edlica<\/strong> e iniciar a forma\u00e7\u00e3o do <strong>revestimento polim\u00e9rico<\/strong>. Se a segunda dem\u00e3o entra cedo, a carga mec\u00e2nica do rolo rompe o plano de nivelamento, reduz a <strong>ader\u00eancia<\/strong> entre camadas e deixa marcas de sobreposi\u00e7\u00e3o no acabamento fosco.<\/p>\n<p>Em clima quente e \u00famido, comum em capitais do litoral, a evapora\u00e7\u00e3o fica mais lenta e a <strong>cura qu\u00edmica<\/strong> demora a firmar a superf\u00edcie. O resultado pr\u00e1tico \u00e9 o <strong>arraste de pel\u00edcula<\/strong>, porque a tinta de cima reativa a camada inferior e compromete a uniformidade visual.<\/p>\n<p>Para o renovador DIY, isso significa retrabalho imediato, maior consumo e risco de mancha permanente em paredes internas com pouca ventila\u00e7\u00e3o. A situa\u00e7\u00e3o piora quando h\u00e1 <strong>carbonata\u00e7\u00e3o<\/strong> em concreto antigo ou poeira no substrato, porque o filme perde apoio mec\u00e2nico e desliza com mais facilidade.<\/p><div id=\"ez-toc-container\" class=\"ez-toc-v2_0_82_2 counter-hierarchy ez-toc-counter ez-toc-grey ez-toc-container-direction\">\n<div class=\"ez-toc-title-container\">\n<p class=\"ez-toc-title\" style=\"cursor:inherit\">\u00cdndice<\/p>\n<span class=\"ez-toc-title-toggle\"><a href=\"#\" class=\"ez-toc-pull-right ez-toc-btn ez-toc-btn-xs ez-toc-btn-default ez-toc-toggle\" aria-label=\"Alternar tabela de conte\u00fado\"><span class=\"ez-toc-js-icon-con\"><span class=\"\"><span class=\"eztoc-hide\" style=\"display:none;\">Toggle<\/span><span class=\"ez-toc-icon-toggle-span\"><svg style=\"fill: #999;color:#999\" xmlns=\"http:\/\/www.w3.org\/2000\/svg\" class=\"list-377408\" width=\"20px\" height=\"20px\" viewBox=\"0 0 24 24\" fill=\"none\"><path d=\"M6 6H4v2h2V6zm14 0H8v2h12V6zM4 11h2v2H4v-2zm16 0H8v2h12v-2zM4 16h2v2H4v-2zm16 0H8v2h12v-2z\" fill=\"currentColor\"><\/path><\/svg><svg style=\"fill: #999;color:#999\" class=\"arrow-unsorted-368013\" xmlns=\"http:\/\/www.w3.org\/2000\/svg\" width=\"10px\" height=\"10px\" viewBox=\"0 0 24 24\" version=\"1.2\" baseProfile=\"tiny\"><path d=\"M18.2 9.3l-6.2-6.3-6.2 6.3c-.2.2-.3.4-.3.7s.1.5.3.7c.2.2.4.3.7.3h11c.3 0 .5-.1.7-.3.2-.2.3-.5.3-.7s-.1-.5-.3-.7zM5.8 14.7l6.2 6.3 6.2-6.3c.2-.2.3-.5.3-.7s-.1-.5-.3-.7c-.2-.2-.4-.3-.7-.3h-11c-.3 0-.5.1-.7.3-.2.2-.3.5-.3.7s.1.5.3.7z\"\/><\/svg><\/span><\/span><\/span><\/a><\/span><\/div>\n<nav><ul class='ez-toc-list ez-toc-list-level-1 eztoc-toggle-hide-by-default' ><li class='ez-toc-page-1 ez-toc-heading-level-2'><a class=\"ez-toc-link ez-toc-heading-1\" href=\"https:\/\/decasablog.com.br\/pintura\/qual-o-intervalo-de-tempo-entre-as-demaos-da-suvinil-rende-e-cobre-muito\/#Intervalo_de_quatro_horas_entre_demaos_e_risco_de_aplicar_antes_do_tempo\" >Intervalo de quatro horas entre dem\u00e3os e risco de aplicar antes do tempo<\/a><\/li><li class='ez-toc-page-1 ez-toc-heading-level-2'><a class=\"ez-toc-link ez-toc-heading-2\" href=\"https:\/\/decasablog.com.br\/pintura\/qual-o-intervalo-de-tempo-entre-as-demaos-da-suvinil-rende-e-cobre-muito\/#Mecanismo_tecnico_do_arraste_de_pelicula_e_das_marcas_de_rolo\" >Mecanismo t\u00e9cnico do arraste de pel\u00edcula e das marcas de rolo<\/a><\/li><li class='ez-toc-page-1 ez-toc-heading-level-2'><a class=\"ez-toc-link ez-toc-heading-3\" href=\"https:\/\/decasablog.com.br\/pintura\/qual-o-intervalo-de-tempo-entre-as-demaos-da-suvinil-rende-e-cobre-muito\/#Variacoes_do_clima_brasileiro_no_intervalo_entre_demaos\" >Varia\u00e7\u00f5es do clima brasileiro no intervalo entre dem\u00e3os<\/a><\/li><li class='ez-toc-page-1 ez-toc-heading-level-2'><a class=\"ez-toc-link ez-toc-heading-4\" href=\"https:\/\/decasablog.com.br\/pintura\/qual-o-intervalo-de-tempo-entre-as-demaos-da-suvinil-rende-e-cobre-muito\/#Ficha_tecnica_essencial_para_decidir_a_proxima_demao\" >Ficha t\u00e9cnica essencial para decidir a pr\u00f3xima dem\u00e3o<\/a><\/li><li class='ez-toc-page-1 ez-toc-heading-level-2'><a class=\"ez-toc-link ez-toc-heading-5\" href=\"https:\/\/decasablog.com.br\/pintura\/qual-o-intervalo-de-tempo-entre-as-demaos-da-suvinil-rende-e-cobre-muito\/#Dica_pratica_para_obra_residencial_sem_equipamento_profissional\" >Dica pr\u00e1tica para obra residencial sem equipamento profissional<\/a><\/li><li class='ez-toc-page-1 ez-toc-heading-level-2'><a class=\"ez-toc-link ez-toc-heading-6\" href=\"https:\/\/decasablog.com.br\/pintura\/qual-o-intervalo-de-tempo-entre-as-demaos-da-suvinil-rende-e-cobre-muito\/#Erro_comum_ao_confundir_secagem_ao_toque_com_intervalo_minimo\" >Erro comum ao confundir secagem ao toque com intervalo m\u00ednimo<\/a><\/li><li class='ez-toc-page-1 ez-toc-heading-level-2'><a class=\"ez-toc-link ez-toc-heading-7\" href=\"https:\/\/decasablog.com.br\/pintura\/qual-o-intervalo-de-tempo-entre-as-demaos-da-suvinil-rende-e-cobre-muito\/#Veredito_tecnico_sobre_o_intervalo_entre_demaos\" >Veredito t\u00e9cnico sobre o intervalo entre dem\u00e3os<\/a><\/li><li class='ez-toc-page-1 ez-toc-heading-level-2'><a class=\"ez-toc-link ez-toc-heading-8\" href=\"https:\/\/decasablog.com.br\/pintura\/qual-o-intervalo-de-tempo-entre-as-demaos-da-suvinil-rende-e-cobre-muito\/#Perguntas_Frequentes_sobre_Qual_o_intervalo_de_tempo_entre_as_demaos_da_Suvinil_Rende_e_Cobre_Muito\" >Perguntas Frequentes sobre Qual o intervalo de tempo entre as dem\u00e3os da Suvinil Rende e Cobre Muito<\/a><ul class='ez-toc-list-level-3' ><li class='ez-toc-heading-level-3'><a class=\"ez-toc-link ez-toc-heading-9\" href=\"https:\/\/decasablog.com.br\/pintura\/qual-o-intervalo-de-tempo-entre-as-demaos-da-suvinil-rende-e-cobre-muito\/#Qual_o_intervalo_de_tempo_entre_as_demaos_da_Suvinil_Rende_e_Cobre_Muito_em_clima_umido\" >Qual o intervalo de tempo entre as dem\u00e3os da Suvinil Rende e Cobre Muito em clima \u00famido?<\/a><\/li><li class='ez-toc-page-1 ez-toc-heading-level-3'><a class=\"ez-toc-link ez-toc-heading-10\" href=\"https:\/\/decasablog.com.br\/pintura\/qual-o-intervalo-de-tempo-entre-as-demaos-da-suvinil-rende-e-cobre-muito\/#Posso_aplicar_a_segunda_demao_com_2_horas_porque_a_superficie_ja_secou_ao_toque\" >Posso aplicar a segunda dem\u00e3o com 2 horas porque a superf\u00edcie j\u00e1 secou ao toque?<\/a><\/li><li class='ez-toc-page-1 ez-toc-heading-level-3'><a class=\"ez-toc-link ez-toc-heading-11\" href=\"https:\/\/decasablog.com.br\/pintura\/qual-o-intervalo-de-tempo-entre-as-demaos-da-suvinil-rende-e-cobre-muito\/#Qual_o_intervalo_de_tempo_entre_as_demaos_da_Suvinil_Rende_e_Cobre_Muito_em_parede_nova\" >Qual o intervalo de tempo entre as dem\u00e3os da Suvinil Rende e Cobre Muito em parede nova?<\/a><\/li><li class='ez-toc-page-1 ez-toc-heading-level-3'><a class=\"ez-toc-link ez-toc-heading-12\" href=\"https:\/\/decasablog.com.br\/pintura\/qual-o-intervalo-de-tempo-entre-as-demaos-da-suvinil-rende-e-cobre-muito\/#Por_que_o_fosco_perde_uniformidade_se_a_nova_camada_entra_cedo\" >Por que o fosco perde uniformidade se a nova camada entra cedo?<\/a><\/li><li class='ez-toc-page-1 ez-toc-heading-level-3'><a class=\"ez-toc-link ez-toc-heading-13\" href=\"https:\/\/decasablog.com.br\/pintura\/qual-o-intervalo-de-tempo-entre-as-demaos-da-suvinil-rende-e-cobre-muito\/#Qual_o_intervalo_de_tempo_entre_as_demaos_da_Suvinil_Rende_e_Cobre_Muito_em_temperatura_alta\" >Qual o intervalo de tempo entre as dem\u00e3os da Suvinil Rende e Cobre Muito em temperatura alta?<\/a><\/li><li class='ez-toc-page-1 ez-toc-heading-level-3'><a class=\"ez-toc-link ez-toc-heading-14\" href=\"https:\/\/decasablog.com.br\/pintura\/qual-o-intervalo-de-tempo-entre-as-demaos-da-suvinil-rende-e-cobre-muito\/#Posso_usar_a_tinta_em_superficie_molhada_apos_chuva\" >Posso usar a tinta em superf\u00edcie molhada ap\u00f3s chuva?<\/a><\/li><\/ul><\/li><\/ul><\/nav><\/div>\n\n<h2><span class=\"ez-toc-section\" id=\"Variacoes_do_clima_brasileiro_no_intervalo_entre_demaos\"><\/span>Varia\u00e7\u00f5es do clima brasileiro no intervalo entre dem\u00e3os<span class=\"ez-toc-section-end\"><\/span><\/h2>\n<p>No Centro-Oeste, o calor acelera a secagem ao toque, mas n\u00e3o elimina a necessidade das <strong>4 horas<\/strong>; a camada interna ainda precisa estabilizar. J\u00e1 no Sul e no litoral, a umidade elevada prolonga o intervalo visual necess\u00e1rio, mesmo quando a superf\u00edcie parece seca.<\/p>\n<p>Conforme a <strong>NBR 11702:2021<\/strong>, a aplica\u00e7\u00e3o deve respeitar a condi\u00e7\u00e3o ambiental do suporte, e n\u00e3o apenas o rel\u00f3gio. Isso \u00e9 essencial em obra residencial, onde a parede pode estar fria, \u00famida ou rec\u00e9m-curada em \u00e1reas com alvenaria e reboco novo.<\/p>\n<p>Em regi\u00f5es com chuva frequente, n\u00e3o aplicar sob superf\u00edcie molhada \u00e9 regra t\u00e9cnica, porque a \u00e1gua residual reduz a <strong>resist\u00eancia \u00e0 lavagem<\/strong> inicial e prejudica a homogeneidade do fosco. A melhor pr\u00e1tica \u00e9 observar brilho irregular e pegajosidade antes de aceitar a segunda dem\u00e3o.<\/p>\n<h2><span class=\"ez-toc-section\" id=\"Ficha_tecnica_essencial_para_decidir_a_proxima_demao\"><\/span>Ficha t\u00e9cnica essencial para decidir a pr\u00f3xima dem\u00e3o<span class=\"ez-toc-section-end\"><\/span><\/h2>\n<table>\n<thead>\n<tr>\n<th>Especifica\u00e7\u00e3o<\/th>\n<th>Detalhe<\/th>\n<\/tr>\n<\/thead>\n<tbody>\n<tr>\n<td>Produto<\/td>\n<td>Suvinil Rende e Cobre Muito<\/td>\n<\/tr>\n<tr>\n<td>Acabamento<\/td>\n<td>Fosco<\/td>\n<\/tr>\n<tr>\n<td>Intervalo entre dem\u00e3os<\/td>\n<td><strong>4 horas<\/strong><\/td>\n<\/tr>\n<tr>\n<td>Secagem ao toque<\/td>\n<td><strong>2 horas<\/strong><\/td>\n<\/tr>\n<tr>\n<td>Secagem final<\/td>\n<td><strong>12 horas<\/strong><\/td>\n<\/tr>\n<tr>\n<td>Dilui\u00e7\u00e3o para rolo e pincel<\/td>\n<td>At\u00e9 <strong>50%<\/strong> com \u00e1gua pot\u00e1vel<\/td>\n<\/tr>\n<tr>\n<td>Temperatura ideal<\/td>\n<td><strong>10\u201340\u00b0C<\/strong><\/td>\n<\/tr>\n<tr>\n<td>Umidade m\u00e1xima<\/td>\n<td>N\u00e3o aplicar acima de <strong>85%<\/strong><\/td>\n<\/tr>\n<tr>\n<td>Dem\u00e3os<\/td>\n<td><strong>2 a 3<\/strong><\/td>\n<\/tr>\n<tr>\n<td>VOC<\/td>\n<td><strong>13\u201333 g\/L<\/strong><\/td>\n<\/tr>\n<\/tbody>\n<\/table>\n<p>Esses dados mostram que o tempo entre dem\u00e3os n\u00e3o \u00e9 isolado: ele conversa com clima, dilui\u00e7\u00e3o e absor\u00e7\u00e3o do substrato. Em reforma dom\u00e9stica, respeitar a janela t\u00e9cnica reduz marcas e preserva o aspecto fosco uniforme.<\/p>\n<h2><span class=\"ez-toc-section\" id=\"Dica_pratica_para_obra_residencial_sem_equipamento_profissional\"><\/span>Dica pr\u00e1tica para obra residencial sem equipamento profissional<span class=\"ez-toc-section-end\"><\/span><\/h2>\n<p>Em vez de usar apenas o rel\u00f3gio para decidir o intervalo, pressione levemente a superf\u00edcie com a ponta do dedo: se n\u00e3o marcar nem pegar tinta ela est\u00e1 pronta para a pr\u00f3xima dem\u00e3o \u2014 em dias \u00famidos do litoral esse teste \u00e9 mais confi\u00e1vel do que o tempo cronometrado.<\/p>\n<ol>\n<li>\n<p><strong>Observe a parede por inteiro.<\/strong> Se o substrato ainda apresenta brilho irregular ou sensa\u00e7\u00e3o pegajosa, espere mais antes de recobrir. Em ambientes com pouca ventila\u00e7\u00e3o, a diferen\u00e7a entre <strong>2 horas<\/strong> e <strong>4 horas<\/strong> costuma ser decisiva.<\/p>\n<\/li>\n<li>\n<p><strong>Controle temperatura e umidade.<\/strong> A aplica\u00e7\u00e3o dentro da faixa de <strong>10\u201340\u00b0C<\/strong> reduz risco de reativa\u00e7\u00e3o da pel\u00edcula. Em clima muito \u00famido, a apar\u00eancia seca n\u00e3o substitui o intervalo t\u00e9cnico.<\/p>\n<\/li>\n<li>\n<p><strong>Considere a alvenaria da casa.<\/strong> Reboco, massa corrida e texturas absorvem de forma distinta, ent\u00e3o uma parede pode aceitar a segunda dem\u00e3o antes da outra. Fa\u00e7a o teste visual e t\u00e1til em mais de um ponto.<\/p>\n<\/li>\n<\/ol>\n<p>Se a parede ainda estiver fria ou com umidade residual, adie a nova camada por mais tempo e volte apenas quando o toque n\u00e3o transferir tinta. Essa medida simples evita corre\u00e7\u00e3o posterior e melhora o acabamento final no mesmo dia.<\/p>\n<h2><span class=\"ez-toc-section\" id=\"Erro_comum_ao_confundir_secagem_ao_toque_com_intervalo_minimo\"><\/span>Erro comum ao confundir secagem ao toque com intervalo m\u00ednimo<span class=\"ez-toc-section-end\"><\/span><\/h2>\n<p><strong>Confundir secagem ao toque (2 horas) com o intervalo m\u00ednimo entre dem\u00e3os (4 horas) \u2014 a superf\u00edcie pode parecer seca ao toque, mas a pel\u00edcula ainda n\u00e3o consolidou internamente; aplicar nova camada nesse estado causa empolamento, marcas e perda de ader\u00eancia entre as camadas.<\/strong><\/p>\n<p><strong>O erro:<\/strong> aplicar a segunda dem\u00e3o logo ap\u00f3s a tinta deixar de transferir no dedo, sem respeitar as <strong>4 horas<\/strong>. Em paredes internas de alvenaria, isso costuma aparecer como rolo \u201carrastando\u201d a camada inferior e deixando diferen\u00e7a de brilho no fosco.<\/p>\n<p><strong>Por que acontece:<\/strong> a \u00e1gua superficial j\u00e1 evaporou, mas a <strong>cura qu\u00edmica<\/strong> e a forma\u00e7\u00e3o do filme ainda seguem em andamento. A nova carga rompe o nivelamento e reduz a <strong>ader\u00eancia<\/strong> entre dem\u00e3os.<\/p>\n<p><strong>Consequ\u00eancia t\u00e9cnica:<\/strong> o rendimento real cai porque parte da tinta precisa corrigir defeitos em vez de cobrir; em ambientes \u00famidos, a secagem final de <strong>12 horas<\/strong> fica comprometida e o acabamento perde uniformidade.<\/p>\n<p><strong>Como evitar:<\/strong> aguarde o intervalo de <strong>4 horas<\/strong>, mantenha a temperatura entre <strong>10\u201340\u00b0C<\/strong> e n\u00e3o aplique com umidade acima de <strong>85%<\/strong>. Se houver d\u00favida, siga a <strong>NBR 11702:2021<\/strong> e observe o aspecto visual da pel\u00edcula antes de continuar.<\/p>\n<h2><span class=\"ez-toc-section\" id=\"Veredito_tecnico_sobre_o_intervalo_entre_demaos\"><\/span>Veredito t\u00e9cnico sobre o intervalo entre dem\u00e3os<span class=\"ez-toc-section-end\"><\/span><\/h2>\n<p><strong>Qual o intervalo de tempo entre as dem\u00e3os da Suvinil Rende e Cobre Muito<\/strong>? O veredito t\u00e9cnico \u00e9 que a espera de <strong>4 horas<\/strong> \u00e9 a refer\u00eancia correta para evitar marcas de rolo, arraste de pel\u00edcula e perda de uniformidade no fosco, sobretudo em clima brasileiro \u00famido. Essa orienta\u00e7\u00e3o beneficia mais o pintor residencial e o reformador DIY que trabalham em alvenaria, sem controle profissional de temperatura e umidade.<\/p>\n<p>Antes de comprar, vale conferir disponibilidade e pre\u00e7o atual na Amazon Brasil e comparar o kit com a metragem real da obra. Se a parede estiver em cidade litor\u00e2nea ou em per\u00edodo chuvoso, a prud\u00eancia t\u00e9cnica \u00e9 aguardar al\u00e9m do toque e respeitar a consolida\u00e7\u00e3o da pel\u00edcula.<\/p>\n<div style=\"background:#ffffff;border:1px solid #e2e8f0;border-radius:8px;padding:16px;width:100%;box-shadow:0 1px 4px rgba(0,0,0,0.08);\"><img decoding=\"async\" src=\"https:\/\/m.media-amazon.com\/images\/I\/617MKBFocCL._AC_SL1280_.jpg\" width=\"100%\" style=\"border-radius:8px;margin-bottom:12px;\" alt=\"Qual o intervalo de tempo entre as dem\u00e3os da Suvinil Rende e Cobre Muito\" title=\"Qual o intervalo de tempo entre as dem\u00e3os da Suvinil Rende e Cobre Muito\"><a href=\"https:\/\/amzn.to\/4e8UaJw\" style=\"display:block;width:100%;box-sizing:border-box;border-radius:999px;padding:13px;font-weight:bold;text-align:center;text-decoration:none;color:#111;background:linear-gradient(to right,#FFE083,#F5C400);\" target=\"_blank\" rel=\"noopener\">Ver na Amazon<\/a><a href=\"https:\/\/amzn.to\/4e8UaJw\" target=\"_blank\" rel=\"noopener sponsored\" style=\"display:block;text-align:center;font-size:0.85em;color:#555;text-decoration:underline;margin-top:8px;\">Ver pagina completa do produto na Amazon<\/a><\/div>\n<p><strong>Aviso importante:<\/strong> este conte\u00fado n\u00e3o substitui o boletim t\u00e9cnico oficial nem a leitura completa da embalagem antes da aplica\u00e7\u00e3o. Em superf\u00edcies \u00famidas, com chuva, ou fora da faixa de <strong>10\u201340\u00b0C<\/strong>, o desempenho pode ser prejudicado e a garantia de resultado depende do cumprimento integral da t\u00e9cnica recomendada pelo fabricante.<\/p>\n<h2><span class=\"ez-toc-section\" id=\"Perguntas_Frequentes_sobre_Qual_o_intervalo_de_tempo_entre_as_demaos_da_Suvinil_Rende_e_Cobre_Muito\"><\/span>Perguntas Frequentes sobre Qual o intervalo de tempo entre as dem\u00e3os da Suvinil Rende e Cobre Muito<span class=\"ez-toc-section-end\"><\/span><\/h2>\n<div>\n<h3><span class=\"ez-toc-section\" id=\"Qual_o_intervalo_de_tempo_entre_as_demaos_da_Suvinil_Rende_e_Cobre_Muito_em_clima_umido\"><\/span>Qual o intervalo de tempo entre as dem\u00e3os da Suvinil Rende e Cobre Muito em clima \u00famido?<span class=\"ez-toc-section-end\"><\/span><\/h3>\n<p>O intervalo t\u00e9cnico continua sendo <strong>4 horas<\/strong>, mas em cidades litor\u00e2neas e dias muito \u00famidos a parede deve ser observada visualmente antes da nova camada. Se a pel\u00edcula ainda estiver fria, brilhante ou pegajosa, espere mais tempo.<\/p>\n<p>A umidade acima de <strong>85%<\/strong> n\u00e3o \u00e9 adequada para aplica\u00e7\u00e3o, porque atrasa a secagem e aumenta o risco de marcas de rolo. O crit\u00e9rio pr\u00e1tico \u00e9 combinar rel\u00f3gio, toque e aspecto da superf\u00edcie.<\/p>\n<\/div>\n<div>\n<h3><span class=\"ez-toc-section\" id=\"Posso_aplicar_a_segunda_demao_com_2_horas_porque_a_superficie_ja_secou_ao_toque\"><\/span>Posso aplicar a segunda dem\u00e3o com 2 horas porque a superf\u00edcie j\u00e1 secou ao toque?<span class=\"ez-toc-section-end\"><\/span><\/h3>\n<p>N\u00e3o. <strong>Secagem ao toque<\/strong> em <strong>2 horas<\/strong> n\u00e3o significa que a pel\u00edcula esteja consolidada para receber outra dem\u00e3o.<\/p>\n<p>Aplicar antes das <strong>4 horas<\/strong> favorece arraste de filme, empolamento e perda de uniformidade no fosco. Isso \u00e9 ainda mais sens\u00edvel em alvenaria nova ou reboco com absor\u00e7\u00e3o irregular.<\/p>\n<\/div>\n<div>\n<h3><span class=\"ez-toc-section\" id=\"Qual_o_intervalo_de_tempo_entre_as_demaos_da_Suvinil_Rende_e_Cobre_Muito_em_parede_nova\"><\/span>Qual o intervalo de tempo entre as dem\u00e3os da Suvinil Rende e Cobre Muito em parede nova?<span class=\"ez-toc-section-end\"><\/span><\/h3>\n<p>Em parede nova, respeite o intervalo m\u00ednimo de <strong>4 horas<\/strong> entre dem\u00e3os, mas s\u00f3 depois de garantir que o substrato est\u00e1 devidamente preparado com selador ou fundo preparador quando exigido. A base precisa estar seca, est\u00e1vel e dentro das condi\u00e7\u00f5es clim\u00e1ticas indicadas.<\/p>\n<p>O boletim t\u00e9cnico e a <strong>NBR 11702:2021<\/strong> refor\u00e7am que a prepara\u00e7\u00e3o do suporte influencia diretamente a ader\u00eancia entre camadas. Sem isso, a segunda dem\u00e3o pode destacar falhas do reboco e reduzir o rendimento visual.<\/p>\n<\/div>\n<div>\n<h3><span class=\"ez-toc-section\" id=\"Por_que_o_fosco_perde_uniformidade_se_a_nova_camada_entra_cedo\"><\/span>Por que o fosco perde uniformidade se a nova camada entra cedo?<span class=\"ez-toc-section-end\"><\/span><\/h3>\n<p>Porque o rolo reativa a camada anterior antes da forma\u00e7\u00e3o completa do <strong>revestimento polim\u00e9rico<\/strong>. Isso altera o nivelamento da superf\u00edcie e cria zonas com brilho diferente.<\/p>\n<p>O efeito aparece como manchas, rolagem vis\u00edvel e aspecto irregular sob luz lateral. Em interiores residenciais, o defeito \u00e9 mais notado em paredes longas e corredores.<\/p>\n<\/div>\n<div>\n<h3><span class=\"ez-toc-section\" id=\"Qual_o_intervalo_de_tempo_entre_as_demaos_da_Suvinil_Rende_e_Cobre_Muito_em_temperatura_alta\"><\/span>Qual o intervalo de tempo entre as dem\u00e3os da Suvinil Rende e Cobre Muito em temperatura alta?<span class=\"ez-toc-section-end\"><\/span><\/h3>\n<p>A faixa de aplica\u00e7\u00e3o indicada \u00e9 de <strong>10\u201340\u00b0C<\/strong>, mas temperatura alta n\u00e3o autoriza encurtar o intervalo de dem\u00e3os. O tempo de <strong>4 horas<\/strong> segue sendo a refer\u00eancia t\u00e9cnica.<\/p>\n<p>Quando o calor \u00e9 intenso, a superf\u00edcie pode parecer pronta antes do tempo, mas a pel\u00edcula interna ainda est\u00e1 em consolida\u00e7\u00e3o. O resultado de antecipar a segunda dem\u00e3o costuma ser pior acabamento e mais retrabalho.<\/p>\n<\/div>\n<div>\n<h3><span class=\"ez-toc-section\" id=\"Posso_usar_a_tinta_em_superficie_molhada_apos_chuva\"><\/span>Posso usar a tinta em superf\u00edcie molhada ap\u00f3s chuva?<span class=\"ez-toc-section-end\"><\/span><\/h3>\n<p>N\u00e3o. O boletim t\u00e9cnico orienta n\u00e3o aplicar sob chuva ou em superf\u00edcie molhada, porque a \u00e1gua interfere na ader\u00eancia e na secagem do filme.<\/p>\n<p>Em parede fria e \u00famida, o risco \u00e9 maior: a tinta perde estabilidade e o acabamento fosco fica irregular. Aguarde a secagem completa do substrato antes de iniciar.<\/p>\n<\/div>\n<p><script type=\"application\/ld+json\">{\"@context\":\"https:\/\/schema.org\",\"@type\":\"FAQPage\",\"mainEntity\":[{\"@type\":\"Question\",\"name\":\"Qual o intervalo de tempo entre as dem\u00e3os da Suvinil Rende e Cobre Muito em clima \u00famido?\",\"acceptedAnswer\":{\"@type\":\"Answer\",\"text\":\"O intervalo t\u00e9cnico continua sendo 4 horas, mas em cidades litor\u00e2neas e dias muito \u00famidos a parede deve ser observada visualmente antes da nova camada. Se a pel\u00edcula ainda estiver fria, brilhante ou pegajosa, espere mais tempo. A umidade acima de 85% n\u00e3o \u00e9 adequada para aplica\u00e7\u00e3o, porque atrasa a secagem e aumenta o risco de marcas de rolo. O crit\u00e9rio pr\u00e1tico \u00e9 combinar rel\u00f3gio, toque e aspecto da superf\u00edcie.\"}},{\"@type\":\"Question\",\"name\":\"Posso aplicar a segunda dem\u00e3o com 2 horas porque a superf\u00edcie j\u00e1 secou ao toque?\",\"acceptedAnswer\":{\"@type\":\"Answer\",\"text\":\"N\u00e3o. Secagem ao toque em 2 horas n\u00e3o significa que a pel\u00edcula esteja consolidada para receber outra dem\u00e3o. Aplicar antes das 4 horas favorece arraste de filme, empolamento e perda de uniformidade no fosco. Isso \u00e9 ainda mais sens\u00edvel em alvenaria nova ou reboco com absor\u00e7\u00e3o irregular.\"}},{\"@type\":\"Question\",\"name\":\"Qual o intervalo de tempo entre as dem\u00e3os da Suvinil Rende e Cobre Muito em parede nova?\",\"acceptedAnswer\":{\"@type\":\"Answer\",\"text\":\"Em parede nova, respeite o intervalo m\u00ednimo de 4 horas entre dem\u00e3os, mas s\u00f3 depois de garantir que o substrato est\u00e1 devidamente preparado com selador ou fundo preparador quando exigido. A base precisa estar seca, est\u00e1vel e dentro das condi\u00e7\u00f5es clim\u00e1ticas indicadas. O boletim t\u00e9cnico e a NBR 11702:2021 refor\u00e7am que a prepara\u00e7\u00e3o do suporte influencia diretamente a ader\u00eancia entre camadas. Sem isso, a segunda dem\u00e3o pode destacar falhas do reboco e reduzir o rendimento visual.\"}},{\"@type\":\"Question\",\"name\":\"Por que o fosco perde uniformidade se a nova camada entra cedo?\",\"acceptedAnswer\":{\"@type\":\"Answer\",\"text\":\"Porque o rolo reativa a camada anterior antes da forma\u00e7\u00e3o completa do revestimento polim\u00e9rico. Isso altera o nivelamento da superf\u00edcie e cria zonas com brilho diferente. O efeito aparece como manchas, rolagem vis\u00edvel e aspecto irregular sob luz lateral. Em interiores residenciais, o defeito \u00e9 mais notado em paredes longas e corredores.\"}},{\"@type\":\"Question\",\"name\":\"Qual o intervalo de tempo entre as dem\u00e3os da Suvinil Rende e Cobre Muito em temperatura alta?\",\"acceptedAnswer\":{\"@type\":\"Answer\",\"text\":\"A faixa de aplica\u00e7\u00e3o indicada \u00e9 de 10\u201340\u00b0C, mas temperatura alta n\u00e3o autoriza encurtar o intervalo de dem\u00e3os. O tempo de 4 horas segue sendo a refer\u00eancia t\u00e9cnica. Quando o calor \u00e9 intenso, a superf\u00edcie pode parecer pronta antes do tempo, mas a pel\u00edcula interna ainda est\u00e1 em consolida\u00e7\u00e3o. O resultado de antecipar a segunda dem\u00e3o costuma ser pior acabamento e mais retrabalho.\"}},{\"@type\":\"Question\",\"name\":\"Posso usar a tinta em superf\u00edcie molhada ap\u00f3s chuva?\",\"acceptedAnswer\":{\"@type\":\"Answer\",\"text\":\"N\u00e3o. O boletim t\u00e9cnico orienta n\u00e3o aplicar sob chuva ou em superf\u00edcie molhada, porque a \u00e1gua interfere na ader\u00eancia e na secagem do filme. Em parede fria e \u00famida, o risco \u00e9 maior: a tinta perde estabilidade e o acabamento fosco fica irregular. Aguarde a secagem completa do substrato antes de iniciar.\"}}]}<\/script><\/p>\n<p><script type=\"application\/ld+json\">{\"@context\":\"https:\/\/schema.org\",\"@type\":\"Article\",\"headline\":\"Qual o intervalo de tempo entre as dem\u00e3os da Suvinil Rende e Cobre Muito?\",\"author\":{\"@type\":\"Person\",\"name\":\"Equipe Editorial DecasaBlog\",\"jobTitle\":\"Jornalista Tecnica de Reformas Domesticas\"},\"publisher\":{\"@type\":\"Organization\",\"name\":\"DecasaBlog\"},\"datePublished\":\"2026-01-01\",\"dateModified\":\"2026-04-01\",\"description\":\"Descubra o intervalo correto entre as dem\u00e3os da Suvinil Rende e Cobre Muito e evite marcas, arraste e perda de acabamento\",\"about\":{\"@type\":\"Thing\",\"name\":\"Suvinil Rende e Cobre Muito\"},\"mentions\":[\"NBR 11702:2021\",\"Boletim T\u00e9cnico Suvinil Rende e Cobre Muito \u2014 Revis\u00e3o Junho 2025\"]}<\/script><\/p>\n<p><script type=\"application\/ld+json\">{\"@context\":\"https:\/\/schema.org\",\"@type\":\"Product\",\"name\":\"Suvinil Rende e Cobre Muito\",\"brand\":{\"@type\":\"Brand\",\"name\":\"Suvinil\"},\"description\":\"Tinta fosca para reboco, argamassa, concreto, fibrocimento, gesso, drywall, massa corrida, massa acr\u00edlica, texturas e repintura.\",\"offers\":{\"@type\":\"Offer\",\"url\":\"https:\/\/amzn.to\/4e8UaJw\",\"priceCurrency\":\"BRL\",\"availability\":\"https:\/\/schema.org\/InStock\"}}<\/script><\/p>\n<ul class=\"page-generator-pro-related-links page-generator-pro-related-links-columns-1 page-generator-pro-related-links-prev-next page-generator-pro-related-links-vertical\"><li class=\"prev\">\n                            <a href=\"https:\/\/decasablog.com.br\/pintura\/qual-a-porcentagem-de-diluicao-para-rolo-e-pincel-da-suvinil-multissuperficies\/\" title=\"Qual a porcentagem de dilui\u00e7\u00e3o para rolo e pincel da Suvinil Multissuperf\u00edcies?\">Qual a porcentagem de dilui\u00e7\u00e3o para rolo e pincel da Suvinil Multissuperf\u00edcies?\n                            <\/a>\n                        <\/li><li class=\"next\">\n                            <a href=\"https:\/\/decasablog.com.br\/pintura\/qual-o-intervalo-ideal-entre-as-demaos-da-suvinil-multissuperficies\/\" title=\"Qual o intervalo ideal entre as dem\u00e3os da Suvinil Multissuperf\u00edcies?\">Qual o intervalo ideal entre as dem\u00e3os da Suvinil Multissuperf\u00edcies?\n                            <\/a>\n                        <\/li><\/ul>\n<p><a href=\"https:\/\/decasablog.com.br\/pintura\/category\/faq\/\">Categoria FAQ<\/a><\/p>\n","protected":false},"excerpt":{"rendered":"<p>Qual o intervalo de tempo entre as dem\u00e3os da Suvinil Rende e Cobre Muito? O intervalo m\u00ednimo entre dem\u00e3os \u00e9 [&hellip;]<\/p>\n","protected":false},"author":1,"featured_media":155,"comment_status":"closed","ping_status":"closed","sticky":false,"template":"","format":"standard","meta":{"site-sidebar-layout":"default","site-content-layout":"","ast-site-content-layout":"default","site-content-style":"default","site-sidebar-style":"default","ast-global-header-display":"","ast-banner-title-visibility":"","ast-main-header-display":"","ast-hfb-above-header-display":"","ast-hfb-below-header-display":"","ast-hfb-mobile-header-display":"","site-post-title":"","ast-breadcrumbs-content":"","ast-featured-img":"","footer-sml-layout":"","ast-disable-related-posts":"","theme-transparent-header-meta":"default","adv-header-id-meta":"","stick-header-meta":"","header-above-stick-meta":"","header-main-stick-meta":"","header-below-stick-meta":"","astra-migrate-meta-layouts":"set","ast-page-background-enabled":"default","ast-page-background-meta":{"desktop":{"background-color":"var(--ast-global-color-5)","background-image":"","background-repeat":"repeat","background-position":"center center","background-size":"auto","background-attachment":"scroll","background-type":"","background-media":"","overlay-type":"","overlay-color":"","overlay-opacity":"","overlay-gradient":""},"tablet":{"background-color":"","background-image":"","background-repeat":"repeat","background-position":"center center","background-size":"auto","background-attachment":"scroll","background-type":"","background-media":"","overlay-type":"","overlay-color":"","overlay-opacity":"","overlay-gradient":""},"mobile":{"background-color":"","background-image":"","background-repeat":"repeat","background-position":"center center","background-size":"auto","background-attachment":"scroll","background-type":"","background-media":"","overlay-type":"","overlay-color":"","overlay-opacity":"","overlay-gradient":""}},"ast-content-background-meta":{"desktop":{"background-color":"var(--ast-global-color-4)","background-image":"","background-repeat":"repeat","background-position":"center center","background-size":"auto","background-attachment":"scroll","background-type":"","background-media":"","overlay-type":"","overlay-color":"","overlay-opacity":"","overlay-gradient":""},"tablet":{"background-color":"var(--ast-global-color-4)","background-image":"","background-repeat":"repeat","background-position":"center center","background-size":"auto","background-attachment":"scroll","background-type":"","background-media":"","overlay-type":"","overlay-color":"","overlay-opacity":"","overlay-gradient":""},"mobile":{"background-color":"var(--ast-global-color-4)","background-image":"","background-repeat":"repeat","background-position":"center center","background-size":"auto","background-attachment":"scroll","background-type":"","background-media":"","overlay-type":"","overlay-color":"","overlay-opacity":"","overlay-gradient":""}},"fifu_image_url":"","fifu_image_alt":"","footnotes":""},"categories":[1],"tags":[108],"class_list":["post-1454","post","type-post","status-publish","format-standard","has-post-thumbnail","hentry","category-faq","tag-suviniltags"],"_links":{"self":[{"href":"https:\/\/decasablog.com.br\/pintura\/wp-json\/wp\/v2\/posts\/1454","targetHints":{"allow":["GET"]}}],"collection":[{"href":"https:\/\/decasablog.com.br\/pintura\/wp-json\/wp\/v2\/posts"}],"about":[{"href":"https:\/\/decasablog.com.br\/pintura\/wp-json\/wp\/v2\/types\/post"}],"author":[{"embeddable":true,"href":"https:\/\/decasablog.com.br\/pintura\/wp-json\/wp\/v2\/users\/1"}],"replies":[{"embeddable":true,"href":"https:\/\/decasablog.com.br\/pintura\/wp-json\/wp\/v2\/comments?post=1454"}],"version-history":[{"count":2,"href":"https:\/\/decasablog.com.br\/pintura\/wp-json\/wp\/v2\/posts\/1454\/revisions"}],"predecessor-version":[{"id":1489,"href":"https:\/\/decasablog.com.br\/pintura\/wp-json\/wp\/v2\/posts\/1454\/revisions\/1489"}],"wp:featuredmedia":[{"embeddable":true,"href":"https:\/\/decasablog.com.br\/pintura\/wp-json\/wp\/v2\/media\/155"}],"wp:attachment":[{"href":"https:\/\/decasablog.com.br\/pintura\/wp-json\/wp\/v2\/media?parent=1454"}],"wp:term":[{"taxonomy":"category","embeddable":true,"href":"https:\/\/decasablog.com.br\/pintura\/wp-json\/wp\/v2\/categories?post=1454"},{"taxonomy":"post_tag","embeddable":true,"href":"https:\/\/decasablog.com.br\/pintura\/wp-json\/wp\/v2\/tags?post=1454"}],"curies":[{"name":"wp","href":"https:\/\/api.w.org\/{rel}","templated":true}]}}