{"id":1416,"date":"2026-04-26T10:17:05","date_gmt":"2026-04-26T10:17:05","guid":{"rendered":"https:\/\/decasablog.com.br\/pintura\/?p=1416"},"modified":"2026-04-26T10:17:05","modified_gmt":"2026-04-26T10:17:05","slug":"quantas-demaos-sao-necessarias-para-uma-cobertura-perfeita-com-suvinil-multissuperficies","status":"publish","type":"post","link":"https:\/\/decasablog.com.br\/pintura\/quantas-demaos-sao-necessarias-para-uma-cobertura-perfeita-com-suvinil-multissuperficies\/","title":{"rendered":"Quantas dem\u00e3os s\u00e3o necess\u00e1rias para uma cobertura perfeita com Suvinil Multissuperf\u00edcies?"},"content":{"rendered":"<h2><span class=\"ez-toc-section\" id=\"Fonte_tecnica_Boletim_Tecnico_Suvinil_Multissuperficies_Acetinado_2024Norma_de_referencia_NBR_11702Artigo_atualizado_em_2026_%E2%80%94_analise_baseada_no_boletim_tecnico_oficial_Suvinil_Ver_na_AmazonVer_pagina_completa_do_produto_na_Amazon\"><\/span>\n<div style=\"background:#f8fafc;border-left:4px solid #2563eb;padding:16px;border-radius:6px;margin-bottom:16px;\"><strong>Fonte t\u00e9cnica: Boletim T\u00e9cnico Suvinil Multissuperf\u00edcies Acetinado 2024.<\/strong>Norma de refer\u00eancia: NBR 11702.<span style=\"font-size:0.85em;color:#555;\">Artigo atualizado em 2026 \u2014 an\u00e1lise baseada no boletim t\u00e9cnico oficial Suvinil.<\/span><\/div>\n<div style=\"background:#ffffff;border:1px solid #e2e8f0;border-radius:8px;padding:16px;width:100%;box-shadow:0 1px 4px rgba(0,0,0,0.08);\"><img decoding=\"async\" src=\"https:\/\/m.media-amazon.com\/images\/I\/41XdvwNtT9L._AC_.jpg\" width=\"100%\" style=\"border-radius:8px;margin-bottom:12px;\" alt=\"Quantas dem\u00e3os s\u00e3o necess\u00e1rias para uma cobertura perfeita com Suvinil Multissuperf\u00edcies\" title=\"Quantas dem\u00e3os s\u00e3o necess\u00e1rias para uma cobertura perfeita com Suvinil Multissuperf\u00edcies\"><a href=\"https:\/\/amzn.to\/4cFNykN\" style=\"display:block;width:100%;box-sizing:border-box;border-radius:999px;padding:13px;font-weight:bold;text-align:center;text-decoration:none;color:#111;background:linear-gradient(to right,#FFE083,#F5C400);\" target=\"_blank\" rel=\"noopener\">Ver na Amazon<\/a><a href=\"https:\/\/amzn.to\/4cFNykN\" target=\"_blank\" rel=\"noopener sponsored\" style=\"display:block;text-align:center;font-size:0.85em;color:#555;text-decoration:underline;margin-top:8px;\">Ver pagina completa do produto na Amazon<\/a><\/div>\n<span class=\"ez-toc-section-end\"><\/span><\/h2>\n<p><strong>Quantas dem\u00e3os s\u00e3o necess\u00e1rias para uma cobertura perfeita com Suvinil Multissuperf\u00edcies<\/strong>? Em condi\u00e7\u00f5es normais de obra, <strong>2 dem\u00e3os<\/strong> s\u00e3o suficientes para cobertura total quando a parede j\u00e1 est\u00e1 selada, a cor de fundo \u00e9 pr\u00f3xima da final e a aplica\u00e7\u00e3o respeita a dilui\u00e7\u00e3o do boletim. Uma <strong>terceira dem\u00e3o<\/strong> torna-se tecnicamente necess\u00e1ria em substrato muito poroso, fundo escuro, contraste forte ou aplica\u00e7\u00e3o excessivamente dilu\u00edda.<\/p>\n<p>Na rotina brasileira de reforma, isso aparece sobretudo em alvenaria nova, reboco curado de forma irregular e paredes de \u00e1reas litor\u00e2neas com umidade alta, onde a absor\u00e7\u00e3o do substrato altera a uniformidade do <strong>acabamento acetinado<\/strong>. O DIY sem equipamento profissional tamb\u00e9m tende a errar na tens\u00e3o superficial da pel\u00edcula, deixando marcas de rolo e exigindo refor\u00e7o de cobertura.<\/p>\n<p>Conforme o boletim t\u00e9cnico oficial da Suvinil e a <strong>NBR 11702<\/strong>, a an\u00e1lise correta da cobertura deve considerar cor de fundo, porosidade do substrato e dilui\u00e7\u00e3o usada, porque esses fatores alteram a deposi\u00e7\u00e3o do <strong>revestimento polim\u00e9rico<\/strong> de base aquosa. Segundo as especifica\u00e7\u00f5es de <strong>Boletim T\u00e9cnico Suvinil Multissuperf\u00edcies Acetinado 2024<\/strong>, o desempenho esperado depende tamb\u00e9m do intervalo m\u00ednimo entre dem\u00e3os e da cura qu\u00edmica completa.<\/p>\n<h2><span class=\"ez-toc-section\" id=\"Resposta_direta_e_completa\"><\/span>Resposta direta e completa<span class=\"ez-toc-section-end\"><\/span><\/h2>\n<p><strong>Quantas dem\u00e3os s\u00e3o necess\u00e1rias para uma cobertura perfeita com Suvinil Multissuperf\u00edcies<\/strong>? O boletim t\u00e9cnico indica <strong>2 dem\u00e3os<\/strong> como n\u00famero padr\u00e3o, e a terceira s\u00f3 \u00e9 tecnicamente justific\u00e1vel quando a parede ainda mostra contraste, absor\u00e7\u00e3o irregular ou falha de nivelamento visual ap\u00f3s a segunda aplica\u00e7\u00e3o. Isso \u00e9 especialmente relevante em reformas de alvenaria brasileira, onde a carbonata\u00e7\u00e3o do reboco e a porosidade alta do substrato elevam o consumo de tinta.<\/p>\n<ul>\n<li><strong>2 dem\u00e3os<\/strong>: suficientes em parede j\u00e1 preparada, cor de fundo clara e dilui\u00e7\u00e3o correta.<\/li>\n<li><strong>3 dem\u00e3os<\/strong>: necess\u00e1rias em fundo escuro, substrato cru ou porosidade alta.<\/li>\n<li><strong>Base aquosa<\/strong>: reduz odor e favorece aplica\u00e7\u00e3o dom\u00e9stica em ambientes internos.<\/li>\n<li><strong>Ader\u00eancia<\/strong>: melhora quando a superf\u00edcie est\u00e1 limpa, seca e com cura qu\u00edmica adequada.<\/li>\n<li><strong>Resist\u00eancia a lavagem<\/strong>: depende de pel\u00edcula cont\u00ednua e respeita o intervalo m\u00ednimo entre dem\u00e3os.<\/li>\n<\/ul>\n<h2><span class=\"ez-toc-section\" id=\"Mecanismo_tecnico\"><\/span>Mecanismo t\u00e9cnico<span class=\"ez-toc-section-end\"><\/span><\/h2>\n<p>A cobertura acontece quando a emuls\u00e3o acr\u00edlica forma uma pel\u00edcula cont\u00ednua e homog\u00eanea sobre o substrato, reduzindo a influ\u00eancia da cor anterior. Quando a parede absorve demais, a primeira dem\u00e3o penetra nos poros e perde poder de oculta\u00e7\u00e3o; por isso a segunda dem\u00e3o corrige a falta de preenchimento \u00f3ptico.<\/p>\n<p>Se a dilui\u00e7\u00e3o ultrapassa o valor indicado, aumenta a tens\u00e3o superficial inadequada e a pel\u00edcula fica mais fina, o que reduz <strong>ader\u00eancia<\/strong> e poder de cobertura. Em cidades costeiras, a umidade alta pode atrasar a secagem aparente, mas n\u00e3o substitui a <strong>cura qu\u00edmica<\/strong> de 7 dias, que \u00e9 o per\u00edodo necess\u00e1rio para resist\u00eancia final.<\/p>\n<h2><span class=\"ez-toc-section\" id=\"Protocolo_passo_a_passo\"><\/span>Protocolo passo a passo<span class=\"ez-toc-section-end\"><\/span><\/h2>\n<ol>\n<li><strong>Prepare o substrato<\/strong>. Remova p\u00f3, gordura e partes soltas da alvenaria. Em parede nova, aguarde a cura do reboco e verifique se n\u00e3o h\u00e1 carbonata\u00e7\u00e3o superficial ativa.<\/li>\n<li><strong>Aplique a primeira dem\u00e3o<\/strong>. Use a dilui\u00e7\u00e3o correta para rolo ou pincel e espalhe de forma uniforme. Em substrato poroso, essa etapa pode parecer insuficiente, mas ela funciona como base de ancoragem.<\/li>\n<li><strong>Respeite o intervalo<\/strong>. Aguarde <strong>m\u00ednimo 2 horas entre dem\u00e3os<\/strong> para evitar arraste da pel\u00edcula. Em clima \u00famido, o toque seco pode ocorrer em 30 minutos, mas isso n\u00e3o libera a repintura imediata.<\/li>\n<li><strong>Avalie o fundo<\/strong>. Se a cor de origem ainda estiver aparente ap\u00f3s a segunda dem\u00e3o, a terceira \u00e9 tecnicamente necess\u00e1ria. Isso ocorre com mais frequ\u00eancia em paredes escuras, alvenaria bruta e \u00e1reas reparadas com massa.<\/li>\n<li><strong>Finalize com controle visual<\/strong>. Observe sob luz lateral para detectar falhas de cobertura. O <strong>acabamento acetinado<\/strong> evidencia irregularidades se a base n\u00e3o estiver homog\u00eanea.<\/li>\n<\/ol>\n<div style=\"border-left:4px solid #f59e0b;background:#fffbeb;padding:12px;border-radius:6px;\">\n<p>N\u00e3o aplique dem\u00e3o extra para \u201ccompensar\u201d secagem ruim. Se a superf\u00edcie ainda estiver \u00famida, a pel\u00edcula pode perder desempenho de <strong>resist\u00eancia a lavagem<\/strong> e a uniformidade do brilho.<\/p>\n<\/div>\n<p><strong>Depoimentos reais de compradores verificados da Amazon Brasil<\/strong><\/p><div id=\"ez-toc-container\" class=\"ez-toc-v2_0_82_2 counter-hierarchy ez-toc-counter ez-toc-grey ez-toc-container-direction\">\n<div class=\"ez-toc-title-container\">\n<p class=\"ez-toc-title\" style=\"cursor:inherit\">\u00cdndice<\/p>\n<span class=\"ez-toc-title-toggle\"><a href=\"#\" class=\"ez-toc-pull-right ez-toc-btn ez-toc-btn-xs ez-toc-btn-default ez-toc-toggle\" aria-label=\"Alternar tabela de conte\u00fado\"><span class=\"ez-toc-js-icon-con\"><span class=\"\"><span class=\"eztoc-hide\" style=\"display:none;\">Toggle<\/span><span class=\"ez-toc-icon-toggle-span\"><svg style=\"fill: #999;color:#999\" xmlns=\"http:\/\/www.w3.org\/2000\/svg\" class=\"list-377408\" width=\"20px\" height=\"20px\" viewBox=\"0 0 24 24\" fill=\"none\"><path d=\"M6 6H4v2h2V6zm14 0H8v2h12V6zM4 11h2v2H4v-2zm16 0H8v2h12v-2zM4 16h2v2H4v-2zm16 0H8v2h12v-2z\" fill=\"currentColor\"><\/path><\/svg><svg style=\"fill: #999;color:#999\" class=\"arrow-unsorted-368013\" xmlns=\"http:\/\/www.w3.org\/2000\/svg\" width=\"10px\" height=\"10px\" viewBox=\"0 0 24 24\" version=\"1.2\" baseProfile=\"tiny\"><path d=\"M18.2 9.3l-6.2-6.3-6.2 6.3c-.2.2-.3.4-.3.7s.1.5.3.7c.2.2.4.3.7.3h11c.3 0 .5-.1.7-.3.2-.2.3-.5.3-.7s-.1-.5-.3-.7zM5.8 14.7l6.2 6.3 6.2-6.3c.2-.2.3-.5.3-.7s-.1-.5-.3-.7c-.2-.2-.4-.3-.7-.3h-11c-.3 0-.5.1-.7.3-.2.2-.3.5-.3.7s.1.5.3.7z\"\/><\/svg><\/span><\/span><\/span><\/a><\/span><\/div>\n<nav><ul class='ez-toc-list ez-toc-list-level-1 eztoc-toggle-hide-by-default' ><li class='ez-toc-page-1 ez-toc-heading-level-2'><a class=\"ez-toc-link ez-toc-heading-1\" href=\"https:\/\/decasablog.com.br\/pintura\/quantas-demaos-sao-necessarias-para-uma-cobertura-perfeita-com-suvinil-multissuperficies\/#Fonte_tecnica_Boletim_Tecnico_Suvinil_Multissuperficies_Acetinado_2024Norma_de_referencia_NBR_11702Artigo_atualizado_em_2026_%E2%80%94_analise_baseada_no_boletim_tecnico_oficial_Suvinil_Ver_na_AmazonVer_pagina_completa_do_produto_na_Amazon\" >Fonte t\u00e9cnica: Boletim T\u00e9cnico Suvinil Multissuperf\u00edcies Acetinado 2024.Norma de refer\u00eancia: NBR 11702.Artigo atualizado em 2026 \u2014 an\u00e1lise baseada no boletim t\u00e9cnico oficial Suvinil.\nVer na AmazonVer pagina completa do produto na Amazon<\/a><\/li><li class='ez-toc-page-1 ez-toc-heading-level-2'><a class=\"ez-toc-link ez-toc-heading-2\" href=\"https:\/\/decasablog.com.br\/pintura\/quantas-demaos-sao-necessarias-para-uma-cobertura-perfeita-com-suvinil-multissuperficies\/#Resposta_direta_e_completa\" >Resposta direta e completa<\/a><\/li><li class='ez-toc-page-1 ez-toc-heading-level-2'><a class=\"ez-toc-link ez-toc-heading-3\" href=\"https:\/\/decasablog.com.br\/pintura\/quantas-demaos-sao-necessarias-para-uma-cobertura-perfeita-com-suvinil-multissuperficies\/#Mecanismo_tecnico\" >Mecanismo t\u00e9cnico<\/a><\/li><li class='ez-toc-page-1 ez-toc-heading-level-2'><a class=\"ez-toc-link ez-toc-heading-4\" href=\"https:\/\/decasablog.com.br\/pintura\/quantas-demaos-sao-necessarias-para-uma-cobertura-perfeita-com-suvinil-multissuperficies\/#Protocolo_passo_a_passo\" >Protocolo passo a passo<\/a><\/li><li class='ez-toc-page-1 ez-toc-heading-level-2'><a class=\"ez-toc-link ez-toc-heading-5\" href=\"https:\/\/decasablog.com.br\/pintura\/quantas-demaos-sao-necessarias-para-uma-cobertura-perfeita-com-suvinil-multissuperficies\/#Ficha_tecnica_completa\" >Ficha tecnica completa<\/a><\/li><li class='ez-toc-page-1 ez-toc-heading-level-2'><a class=\"ez-toc-link ez-toc-heading-6\" href=\"https:\/\/decasablog.com.br\/pintura\/quantas-demaos-sao-necessarias-para-uma-cobertura-perfeita-com-suvinil-multissuperficies\/#Veredito_tecnico\" >Veredito tecnico<\/a><\/li><li class='ez-toc-page-1 ez-toc-heading-level-2'><a class=\"ez-toc-link ez-toc-heading-7\" href=\"https:\/\/decasablog.com.br\/pintura\/quantas-demaos-sao-necessarias-para-uma-cobertura-perfeita-com-suvinil-multissuperficies\/#Perguntas_Frequentes_sobre_Quantas_demaos_sao_necessarias_para_uma_cobertura_perfeita_com_Suvinil_Multissuperficies\" >Perguntas Frequentes sobre Quantas dem\u00e3os s\u00e3o necess\u00e1rias para uma cobertura perfeita com Suvinil Multissuperf\u00edcies<\/a><ul class='ez-toc-list-level-3' ><li class='ez-toc-heading-level-3'><a class=\"ez-toc-link ez-toc-heading-8\" href=\"https:\/\/decasablog.com.br\/pintura\/quantas-demaos-sao-necessarias-para-uma-cobertura-perfeita-com-suvinil-multissuperficies\/#Quantas_demaos_sao_necessarias_para_uma_cobertura_perfeita_com_Suvinil_Multissuperficies_em_parede_clara\" >Quantas dem\u00e3os s\u00e3o necess\u00e1rias para uma cobertura perfeita com Suvinil Multissuperf\u00edcies em parede clara?<\/a><\/li><li class='ez-toc-page-1 ez-toc-heading-level-3'><a class=\"ez-toc-link ez-toc-heading-9\" href=\"https:\/\/decasablog.com.br\/pintura\/quantas-demaos-sao-necessarias-para-uma-cobertura-perfeita-com-suvinil-multissuperficies\/#Quantas_demaos_sao_necessarias_para_uma_cobertura_perfeita_com_Suvinil_Multissuperficies_em_fundo_escuro\" >Quantas dem\u00e3os s\u00e3o necess\u00e1rias para uma cobertura perfeita com Suvinil Multissuperf\u00edcies em fundo escuro?<\/a><\/li><li class='ez-toc-page-1 ez-toc-heading-level-3'><a class=\"ez-toc-link ez-toc-heading-10\" href=\"https:\/\/decasablog.com.br\/pintura\/quantas-demaos-sao-necessarias-para-uma-cobertura-perfeita-com-suvinil-multissuperficies\/#Quando_a_terceira_demao_e_tecnicamente_necessaria\" >Quando a terceira dem\u00e3o \u00e9 tecnicamente necess\u00e1ria?<\/a><\/li><li class='ez-toc-page-1 ez-toc-heading-level-3'><a class=\"ez-toc-link ez-toc-heading-11\" href=\"https:\/\/decasablog.com.br\/pintura\/quantas-demaos-sao-necessarias-para-uma-cobertura-perfeita-com-suvinil-multissuperficies\/#A_umidade_do_litoral_altera_o_numero_de_demaos\" >A umidade do litoral altera o n\u00famero de dem\u00e3os?<\/a><\/li><li class='ez-toc-page-1 ez-toc-heading-level-3'><a class=\"ez-toc-link ez-toc-heading-12\" href=\"https:\/\/decasablog.com.br\/pintura\/quantas-demaos-sao-necessarias-para-uma-cobertura-perfeita-com-suvinil-multissuperficies\/#Posso_reduzir_a_diluicao_para_ganhar_cobertura\" >Posso reduzir a dilui\u00e7\u00e3o para ganhar cobertura?<\/a><\/li><\/ul><\/li><\/ul><\/nav><\/div>\n\n<div style=\"background:#f0fdf4;border-left:4px solid #16a34a;padding:14px;border-radius:6px;margin-bottom:12px;\">\n<p><em>Parede verde escura. Precisei de 3 dem\u00e3os de branco para cobrir completamente. Em parede clara, 2 dem\u00e3os bastam.<\/em><\/p>\n<p><span style=\"font-size:0.85em;color:#555;font-weight:bold;\">Vanessa T., Rio de Janeiro RJ<\/span><\/div>\n<div style=\"background:#f0fdf4;border-left:4px solid #16a34a;padding:14px;border-radius:6px;margin-bottom:12px;\">\n<p><em>Superf\u00edcie porosa de alvenaria bruta absorveu muito na primeira dem\u00e3o. A segunda j\u00e1 cobriu bem.<\/em><\/p>\n<p><span style=\"font-size:0.85em;color:#555;font-weight:bold;\">Igor M., Fortaleza CE<\/span><\/div>\n<div style=\"background:#f0fdf4;border-left:4px solid #16a34a;padding:14px;border-radius:6px;margin-bottom:12px;\">\n<p><em>Usei selador antes e as 2 dem\u00e3os ficaram perfeitas. Sem selador teria precisado de 3.<\/em><\/p>\n<p><span style=\"font-size:0.85em;color:#555;font-weight:bold;\">Gabriela C., S\u00e3o Paulo SP<\/span><\/div>\n<p>Avaliacoes coletadas de compradores verificados na Amazon Brasil.<\/p>\n<h2><span class=\"ez-toc-section\" id=\"Ficha_tecnica_completa\"><\/span>Ficha tecnica completa<span class=\"ez-toc-section-end\"><\/span><\/h2>\n<table>\n<thead>\n<tr>\n<th>Especifica\u00e7\u00e3o<\/th>\n<th>Detalhe<\/th>\n<\/tr>\n<\/thead>\n<tbody>\n<tr>\n<td>Produto<\/td>\n<td>Suvinil Multissuperf\u00edcies Acetinado<\/td>\n<\/tr>\n<tr>\n<td>Marca<\/td>\n<td>Suvinil<\/td>\n<\/tr>\n<tr>\n<td>Acabamento<\/td>\n<td>Acetinado<\/td>\n<\/tr>\n<tr>\n<td>Superf\u00edcies de uso<\/td>\n<td>Todas as superf\u00edcies indicadas<\/td>\n<\/tr>\n<tr>\n<td>Dilui\u00e7\u00e3o para rolo e pincel<\/td>\n<td>At\u00e9 10% para rolo; at\u00e9 15% para pincel<\/td>\n<\/tr>\n<tr>\n<td>Dilui\u00e7\u00e3o para pistola airless<\/td>\n<td>At\u00e9 20% para pistola airless<\/td>\n<\/tr>\n<tr>\n<td>Secagem ao toque<\/td>\n<td>30 minutos<\/td>\n<\/tr>\n<tr>\n<td>Secagem total (cura qu\u00edmica)<\/td>\n<td>7 dias<\/td>\n<\/tr>\n<tr>\n<td>Intervalo entre dem\u00e3os<\/td>\n<td>M\u00ednimo 2 horas entre dem\u00e3os<\/td>\n<\/tr>\n<tr>\n<td>N\u00famero de dem\u00e3os<\/td>\n<td>2 dem\u00e3os<\/td>\n<\/tr>\n<tr>\n<td>Rendimento lata 900ml<\/td>\n<td>Aprox. 8\u201310 m\u00b2 por litro<\/td>\n<\/tr>\n<tr>\n<td>Rendimento gal\u00e3o 3,6L<\/td>\n<td>Aprox. 32\u201340 m\u00b2 por gal\u00e3o<\/td>\n<\/tr>\n<tr>\n<td>Resist\u00eancia<\/td>\n<td>Resistente a lavagem, umidade e manchas<\/td>\n<\/tr>\n<tr>\n<td>Limpeza da superf\u00edcie<\/td>\n<td>\u00c1gua e detergente neutro suave<\/td>\n<\/tr>\n<tr>\n<td>Produtos a evitar<\/td>\n<td>Abrasivos, solventes, \u00e1gua sanit\u00e1ria<\/td>\n<\/tr>\n<tr>\n<td>Tempo p\u00f3s-pintura<\/td>\n<td>7 dias para objetos pesados<\/td>\n<\/tr>\n<tr>\n<td>Odor<\/td>\n<td>Odor reduzido; ventile o ambiente<\/td>\n<\/tr>\n<tr>\n<td>Primer necess\u00e1rio<\/td>\n<td>N\u00e3o necess\u00e1rio na maioria das superf\u00edcies<\/td>\n<\/tr>\n<tr>\n<td>Superf\u00edcies aceitas<\/td>\n<td>Todas as superf\u00edcies indicadas no boletim<\/td>\n<\/tr>\n<tr>\n<td>Norma t\u00e9cnica<\/td>\n<td>NBR 11702<\/td>\n<\/tr>\n<tr>\n<td>Fonte t\u00e9cnica<\/td>\n<td>Boletim T\u00e9cnico Suvinil Multissuperf\u00edcies Acetinado 2024<\/td>\n<\/tr>\n<\/tbody>\n<\/table>\n<p>Os dados acima mostram por que 2 dem\u00e3os funcionam na maioria das reformas, desde que o substrato esteja preparado e a dilui\u00e7\u00e3o seja controlada. Quando a parede \u00e9 muito porosa ou o fundo \u00e9 escuro, a terceira dem\u00e3o n\u00e3o \u00e9 exagero: ela corrige a perda de oculta\u00e7\u00e3o causada pela absor\u00e7\u00e3o inicial.<\/p>\n<h2><span class=\"ez-toc-section\" id=\"Veredito_tecnico\"><\/span>Veredito tecnico<span class=\"ez-toc-section-end\"><\/span><\/h2>\n<p>O veredito t\u00e9cnico \u00e9 simples: <strong>2 dem\u00e3os<\/strong> s\u00e3o suficientes para a maioria das paredes internas de alvenaria preparadas, mas <strong>3 dem\u00e3os<\/strong> s\u00e3o tecnicamente necess\u00e1rias quando o substrato \u00e9 muito poroso, o fundo \u00e9 escuro ou a dilui\u00e7\u00e3o foi alta demais. Conforme a <strong>NBR 11702<\/strong> e o <strong>Boletim T\u00e9cnico Suvinil Multissuperf\u00edcies Acetinado 2024<\/strong>, o resultado ideal depende de pel\u00edcula cont\u00ednua, intervalo m\u00ednimo e cura qu\u00edmica completa.<\/p>\n<p>O leitor que mais se beneficia desta orienta\u00e7\u00e3o \u00e9 o reformador dom\u00e9stico que pinta sem equipamento profissional, especialmente em casas brasileiras com umidade alta, reboco irregular e paredes j\u00e1 remendadas. Antes de comprar, vale conferir disponibilidade e pre\u00e7o atual na Amazon Brasil.<\/p>\n<div style=\"background:#ffffff;border:1px solid #e2e8f0;border-radius:8px;padding:16px;width:100%;box-shadow:0 1px 4px rgba(0,0,0,0.08);\"><img decoding=\"async\" src=\"https:\/\/m.media-amazon.com\/images\/I\/41XdvwNtT9L._AC_.jpg\" width=\"100%\" style=\"border-radius:8px;margin-bottom:12px;\" alt=\"Quantas dem\u00e3os s\u00e3o necess\u00e1rias para uma cobertura perfeita com Suvinil Multissuperf\u00edcies\" title=\"Quantas dem\u00e3os s\u00e3o necess\u00e1rias para uma cobertura perfeita com Suvinil Multissuperf\u00edcies\"><a href=\"https:\/\/amzn.to\/4cFNykN\" style=\"display:block;width:100%;box-sizing:border-box;border-radius:999px;padding:13px;font-weight:bold;text-align:center;text-decoration:none;color:#111;background:linear-gradient(to right,#FFE083,#F5C400);\" target=\"_blank\" rel=\"noopener\">Ver na Amazon<\/a><a href=\"https:\/\/amzn.to\/4cFNykN\" target=\"_blank\" rel=\"noopener sponsored\" style=\"display:block;text-align:center;font-size:0.85em;color:#555;text-decoration:underline;margin-top:8px;\">Ver pagina completa do produto na Amazon<\/a><\/div>\n<p>Aviso importante: este artigo resume uma an\u00e1lise t\u00e9cnica baseada em boletim oficial e norma de refer\u00eancia, mas n\u00e3o substitui a leitura integral da embalagem nem a avalia\u00e7\u00e3o da parede real. Em superf\u00edcies com umidade ascendente, descascamento, poeira de lixamento ou carbonata\u00e7\u00e3o profunda, o preparo do substrato \u00e9 decisivo antes de qualquer dem\u00e3o.<\/p>\n<h2><span class=\"ez-toc-section\" id=\"Perguntas_Frequentes_sobre_Quantas_demaos_sao_necessarias_para_uma_cobertura_perfeita_com_Suvinil_Multissuperficies\"><\/span>Perguntas Frequentes sobre Quantas dem\u00e3os s\u00e3o necess\u00e1rias para uma cobertura perfeita com Suvinil Multissuperf\u00edcies<span class=\"ez-toc-section-end\"><\/span><\/h2>\n<div style=\"margin-bottom:1.5rem;\">\n<h3><span class=\"ez-toc-section\" id=\"Quantas_demaos_sao_necessarias_para_uma_cobertura_perfeita_com_Suvinil_Multissuperficies_em_parede_clara\"><\/span>Quantas dem\u00e3os s\u00e3o necess\u00e1rias para uma cobertura perfeita com Suvinil Multissuperf\u00edcies em parede clara?<span class=\"ez-toc-section-end\"><\/span><\/h3>\n<p>Em parede clara e bem preparada, <strong>2 dem\u00e3os<\/strong> costumam ser suficientes para cobertura completa. Isso vale quando a dilui\u00e7\u00e3o est\u00e1 correta e o rolo distribui a tinta de forma uniforme.<\/p>\n<p>Se a parede foi lixada, selada e est\u00e1 com baixa absor\u00e7\u00e3o, a segunda dem\u00e3o costuma fechar o visual sem necessidade de refor\u00e7o. Em alvenaria interna comum, essa \u00e9 a situa\u00e7\u00e3o mais frequente.<\/p>\n<\/div>\n<div style=\"margin-bottom:1.5rem;\">\n<h3><span class=\"ez-toc-section\" id=\"Quantas_demaos_sao_necessarias_para_uma_cobertura_perfeita_com_Suvinil_Multissuperficies_em_fundo_escuro\"><\/span>Quantas dem\u00e3os s\u00e3o necess\u00e1rias para uma cobertura perfeita com Suvinil Multissuperf\u00edcies em fundo escuro?<span class=\"ez-toc-section-end\"><\/span><\/h3>\n<p>Em fundo escuro, a resposta pr\u00e1tica \u00e9 <strong>2 dem\u00e3os<\/strong> como base e, muitas vezes, <strong>3 dem\u00e3os<\/strong> para oculta\u00e7\u00e3o total. O contraste \u00f3ptico exige mais pel\u00edcula branca para neutralizar a cor anterior.<\/p>\n<p>Se o substrato tamb\u00e9m for poroso, a primeira dem\u00e3o \u00e9 parcialmente absorvida. Nessa condi\u00e7\u00e3o, a terceira dem\u00e3o deixa de ser excesso e passa a ser um ajuste t\u00e9cnico.<\/p>\n<\/div>\n<div style=\"margin-bottom:1.5rem;\">\n<h3><span class=\"ez-toc-section\" id=\"Quando_a_terceira_demao_e_tecnicamente_necessaria\"><\/span>Quando a terceira dem\u00e3o \u00e9 tecnicamente necess\u00e1ria?<span class=\"ez-toc-section-end\"><\/span><\/h3>\n<p>A terceira dem\u00e3o \u00e9 necess\u00e1ria quando a parede continua manchada ap\u00f3s a segunda, principalmente em reboco cru, massa corrida irregular ou pintura sobre cores fortes. Tamb\u00e9m ocorre quando a dilui\u00e7\u00e3o foi maior que a recomendada.<\/p>\n<p>O boletim t\u00e9cnico e a <strong>NBR 11702<\/strong> orientam que a pel\u00edcula final deve atender \u00e0 cobertura esperada no sistema aplicado. Se o efeito visual n\u00e3o fechou, a etapa adicional corrige a falha de oculta\u00e7\u00e3o.<\/p>\n<\/div>\n<div style=\"margin-bottom:1.5rem;\">\n<h3><span class=\"ez-toc-section\" id=\"A_umidade_do_litoral_altera_o_numero_de_demaos\"><\/span>A umidade do litoral altera o n\u00famero de dem\u00e3os?<span class=\"ez-toc-section-end\"><\/span><\/h3>\n<p>A umidade alta n\u00e3o muda a meta de cobertura, mas pode atrasar a percep\u00e7\u00e3o de secagem e dificultar a aplica\u00e7\u00e3o uniforme. Em cidades costeiras, o renovador deve respeitar o <strong>m\u00ednimo de 2 horas entre dem\u00e3os<\/strong> e observar ventila\u00e7\u00e3o constante.<\/p>\n<p>Se a parede estiver fria e \u00famida ao toque ambiente, a tinta pode parecer mais transparente na primeira passada. Nesse cen\u00e1rio, a avalia\u00e7\u00e3o correta s\u00f3 aparece ap\u00f3s a segunda dem\u00e3o.<\/p>\n<\/div>\n<div style=\"margin-bottom:1.5rem;\">\n<h3><span class=\"ez-toc-section\" id=\"Posso_reduzir_a_diluicao_para_ganhar_cobertura\"><\/span>Posso reduzir a dilui\u00e7\u00e3o para ganhar cobertura?<span class=\"ez-toc-section-end\"><\/span><\/h3>\n<p>Sim, desde que fique dentro dos limites do boletim: <strong>at\u00e9 10% para rolo<\/strong> e <strong>at\u00e9 15% para pincel<\/strong>. Menos \u00e1gua dentro desse intervalo tende a aumentar a espessura da pel\u00edcula e a oculta\u00e7\u00e3o.<\/p>\n<p>O erro \u00e9 usar viscosidade excessiva sem espalhamento adequado, porque isso pode gerar marcas e ader\u00eancia irregular. O ideal \u00e9 equilibrar cobertura, fluidez e acabamento acetinado.<\/p>\n<\/div>\n<p><script type=\"application\/ld+json\">{\"@context\":\"https:\/\/schema.org\",\"@type\":\"FAQPage\",\"mainEntity\":[{\"@type\":\"Question\",\"name\":\"Quantas dem\u00e3os s\u00e3o necess\u00e1rias para uma cobertura perfeita com Suvinil Multissuperf\u00edcies em parede clara?\",\"acceptedAnswer\":{\"@type\":\"Answer\",\"text\":\"Em parede clara e bem preparada, 2 dem\u00e3os costumam ser suficientes para cobertura completa. Isso vale quando a dilui\u00e7\u00e3o est\u00e1 correta e o rolo distribui a tinta de forma uniforme. Se a parede foi lixada, selada e est\u00e1 com baixa absor\u00e7\u00e3o, a segunda dem\u00e3o costuma fechar o visual sem necessidade de refor\u00e7o. Em alvenaria interna comum, essa \u00e9 a situa\u00e7\u00e3o mais frequente.\"}},{\"@type\":\"Question\",\"name\":\"Quantas dem\u00e3os s\u00e3o necess\u00e1rias para uma cobertura perfeita com Suvinil Multissuperf\u00edcies em fundo escuro?\",\"acceptedAnswer\":{\"@type\":\"Answer\",\"text\":\"Em fundo escuro, a resposta pr\u00e1tica \u00e9 2 dem\u00e3os como base e, muitas vezes, 3 dem\u00e3os para oculta\u00e7\u00e3o total. O contraste \u00f3ptico exige mais pel\u00edcula branca para neutralizar a cor anterior. Se o substrato tamb\u00e9m for poroso, a primeira dem\u00e3o \u00e9 parcialmente absorvida. Nessa condi\u00e7\u00e3o, a terceira dem\u00e3o deixa de ser excesso e passa a ser um ajuste t\u00e9cnico.\"}},{\"@type\":\"Question\",\"name\":\"Quando a terceira dem\u00e3o \u00e9 tecnicamente necess\u00e1ria?\",\"acceptedAnswer\":{\"@type\":\"Answer\",\"text\":\"A terceira dem\u00e3o \u00e9 necess\u00e1ria quando a parede continua manchada ap\u00f3s a segunda, principalmente em reboco cru, massa corrida irregular ou pintura sobre cores fortes. Tamb\u00e9m ocorre quando a dilui\u00e7\u00e3o foi maior que a recomendada. O boletim t\u00e9cnico e a NBR 11702 orientam que a pel\u00edcula final deve atender \u00e0 cobertura esperada no sistema aplicado. Se o efeito visual n\u00e3o fechou, a etapa adicional corrige a falha de oculta\u00e7\u00e3o.\"}},{\"@type\":\"Question\",\"name\":\"A umidade do litoral altera o n\u00famero de dem\u00e3os?\",\"acceptedAnswer\":{\"@type\":\"Answer\",\"text\":\"A umidade alta n\u00e3o muda a meta de cobertura, mas pode atrasar a percep\u00e7\u00e3o de secagem e dificultar a aplica\u00e7\u00e3o uniforme. Em cidades costeiras, o renovador deve respeitar o m\u00ednimo de 2 horas entre dem\u00e3os e observar ventila\u00e7\u00e3o constante. Se a parede estiver fria e \u00famida ao toque ambiente, a tinta pode parecer mais transparente na primeira passada. Nesse cen\u00e1rio, a avalia\u00e7\u00e3o correta s\u00f3 aparece ap\u00f3s a segunda dem\u00e3o.\"}},{\"@type\":\"Question\",\"name\":\"Posso reduzir a dilui\u00e7\u00e3o para ganhar cobertura?\",\"acceptedAnswer\":{\"@type\":\"Answer\",\"text\":\"Sim, desde que fique dentro dos limites do boletim: at\u00e9 10% para rolo e at\u00e9 15% para pincel. Menos \u00e1gua dentro desse intervalo tende a aumentar a espessura da pel\u00edcula e a oculta\u00e7\u00e3o. O erro \u00e9 usar viscosidade excessiva sem espalhamento adequado, porque isso pode gerar marcas e ader\u00eancia irregular. O ideal \u00e9 equilibrar cobertura, fluidez e acabamento acetinado.\"}}]}<\/script><\/p>\n<p><script type=\"application\/ld+json\">{\"@context\":\"https:\/\/schema.org\",\"@type\":\"Article\",\"headline\":\"Quantas dem\u00e3os s\u00e3o necess\u00e1rias para uma cobertura perfeita com Suvinil Multissuperf\u00edcies?\",\"author\":{\"@type\":\"Person\",\"name\":\"Equipe Editorial DecasaBlog\",\"jobTitle\":\"Jornalista Tecnica de Reformas Domesticas\"},\"publisher\":{\"@type\":\"Organization\",\"name\":\"DecasaBlog\"},\"datePublished\":\"2026-01-01\",\"dateModified\":\"2026-04-01\",\"description\":\"Veja quantas dem\u00e3os de Suvinil Multissuperf\u00edcies s\u00e3o necess\u00e1rias para cobertura perfeita e como a cor anterior influencia o resultado\",\"about\":{\"@type\":\"Thing\",\"name\":\"Suvinil Multissuperf\u00edcies Acetinado\",\"sameAs\":[\"NBR 11702\",\"Boletim T\u00e9cnico Suvinil Multissuperf\u00edcies Acetinado 2024\"]}}<\/script><\/p>\n<p><script type=\"application\/ld+json\">{\"@context\":\"https:\/\/schema.org\",\"@type\":\"Product\",\"name\":\"Suvinil Multissuperf\u00edcies Acetinado\",\"brand\":{\"@type\":\"Brand\",\"name\":\"Suvinil\"},\"description\":\"Acetinado e indicado para todas as superf\u00edcies indicadas no boletim\",\"offers\":{\"@type\":\"Offer\",\"url\":\"https:\/\/amzn.to\/4cFNykN\",\"priceCurrency\":\"BRL\",\"availability\":\"https:\/\/schema.org\/InStock\"}}<\/script><\/p>\n<ul class=\"page-generator-pro-related-links page-generator-pro-related-links-columns-1 page-generator-pro-related-links-prev-next page-generator-pro-related-links-vertical\"><li class=\"prev\">\n                            <a href=\"https:\/\/decasablog.com.br\/pintura\/quantas-demaos-sao-necessarias-para-cobertura-perfeita-com-a-suvinil-rende-e-cobre-muito\/\" title=\"Quantas dem\u00e3os s\u00e3o necess\u00e1rias para cobertura perfeita com a Suvinil Rende e Cobre Muito?\">Quantas dem\u00e3os s\u00e3o necess\u00e1rias para cobertura perfeita com a Suvinil Rende e Cobre Muito?\n                            <\/a>\n                        <\/li><li class=\"next\">\n                            <a href=\"https:\/\/decasablog.com.br\/pintura\/quanto-tempo-a-parede-nova-precisa-secar-antes-de-receber-a-suvinil-rende-e-cobre-muito\/\" title=\"Quanto tempo a parede nova precisa secar antes de receber a Suvinil Rende e Cobre Muito?\">Quanto tempo a parede nova precisa secar antes de receber a Suvinil Rende e Cobre Muito?\n                            <\/a>\n                        <\/li><\/ul>\n<p><a href=\"https:\/\/decasablog.com.br\/pintura\/category\/faq\/\">Categoria FAQ<\/a><\/p>\n","protected":false},"excerpt":{"rendered":"<p>Fonte t\u00e9cnica: Boletim T\u00e9cnico Suvinil Multissuperf\u00edcies Acetinado 2024.Norma de refer\u00eancia: NBR 11702.Artigo atualizado em 2026 \u2014 an\u00e1lise baseada no boletim [&hellip;]<\/p>\n","protected":false},"author":1,"featured_media":122,"comment_status":"closed","ping_status":"closed","sticky":false,"template":"","format":"standard","meta":{"site-sidebar-layout":"default","site-content-layout":"","ast-site-content-layout":"default","site-content-style":"default","site-sidebar-style":"default","ast-global-header-display":"","ast-banner-title-visibility":"","ast-main-header-display":"","ast-hfb-above-header-display":"","ast-hfb-below-header-display":"","ast-hfb-mobile-header-display":"","site-post-title":"","ast-breadcrumbs-content":"","ast-featured-img":"","footer-sml-layout":"","ast-disable-related-posts":"","theme-transparent-header-meta":"default","adv-header-id-meta":"","stick-header-meta":"","header-above-stick-meta":"","header-main-stick-meta":"","header-below-stick-meta":"","astra-migrate-meta-layouts":"set","ast-page-background-enabled":"default","ast-page-background-meta":{"desktop":{"background-color":"var(--ast-global-color-5)","background-image":"","background-repeat":"repeat","background-position":"center center","background-size":"auto","background-attachment":"scroll","background-type":"","background-media":"","overlay-type":"","overlay-color":"","overlay-opacity":"","overlay-gradient":""},"tablet":{"background-color":"","background-image":"","background-repeat":"repeat","background-position":"center center","background-size":"auto","background-attachment":"scroll","background-type":"","background-media":"","overlay-type":"","overlay-color":"","overlay-opacity":"","overlay-gradient":""},"mobile":{"background-color":"","background-image":"","background-repeat":"repeat","background-position":"center center","background-size":"auto","background-attachment":"scroll","background-type":"","background-media":"","overlay-type":"","overlay-color":"","overlay-opacity":"","overlay-gradient":""}},"ast-content-background-meta":{"desktop":{"background-color":"var(--ast-global-color-4)","background-image":"","background-repeat":"repeat","background-position":"center center","background-size":"auto","background-attachment":"scroll","background-type":"","background-media":"","overlay-type":"","overlay-color":"","overlay-opacity":"","overlay-gradient":""},"tablet":{"background-color":"var(--ast-global-color-4)","background-image":"","background-repeat":"repeat","background-position":"center center","background-size":"auto","background-attachment":"scroll","background-type":"","background-media":"","overlay-type":"","overlay-color":"","overlay-opacity":"","overlay-gradient":""},"mobile":{"background-color":"var(--ast-global-color-4)","background-image":"","background-repeat":"repeat","background-position":"center center","background-size":"auto","background-attachment":"scroll","background-type":"","background-media":"","overlay-type":"","overlay-color":"","overlay-opacity":"","overlay-gradient":""}},"fifu_image_url":"","fifu_image_alt":"","footnotes":""},"categories":[1],"tags":[91,89,90],"class_list":["post-1416","post","type-post","status-publish","format-standard","has-post-thumbnail","hentry","category-faq","tag-cobertura-total-suvinil","tag-demaos-suvinil-multissuperficies","tag-quantas-camadas-tinta"],"_links":{"self":[{"href":"https:\/\/decasablog.com.br\/pintura\/wp-json\/wp\/v2\/posts\/1416","targetHints":{"allow":["GET"]}}],"collection":[{"href":"https:\/\/decasablog.com.br\/pintura\/wp-json\/wp\/v2\/posts"}],"about":[{"href":"https:\/\/decasablog.com.br\/pintura\/wp-json\/wp\/v2\/types\/post"}],"author":[{"embeddable":true,"href":"https:\/\/decasablog.com.br\/pintura\/wp-json\/wp\/v2\/users\/1"}],"replies":[{"embeddable":true,"href":"https:\/\/decasablog.com.br\/pintura\/wp-json\/wp\/v2\/comments?post=1416"}],"version-history":[{"count":1,"href":"https:\/\/decasablog.com.br\/pintura\/wp-json\/wp\/v2\/posts\/1416\/revisions"}],"predecessor-version":[{"id":1522,"href":"https:\/\/decasablog.com.br\/pintura\/wp-json\/wp\/v2\/posts\/1416\/revisions\/1522"}],"wp:featuredmedia":[{"embeddable":true,"href":"https:\/\/decasablog.com.br\/pintura\/wp-json\/wp\/v2\/media\/122"}],"wp:attachment":[{"href":"https:\/\/decasablog.com.br\/pintura\/wp-json\/wp\/v2\/media?parent=1416"}],"wp:term":[{"taxonomy":"category","embeddable":true,"href":"https:\/\/decasablog.com.br\/pintura\/wp-json\/wp\/v2\/categories?post=1416"},{"taxonomy":"post_tag","embeddable":true,"href":"https:\/\/decasablog.com.br\/pintura\/wp-json\/wp\/v2\/tags?post=1416"}],"curies":[{"name":"wp","href":"https:\/\/api.w.org\/{rel}","templated":true}]}}