{"id":1414,"date":"2026-04-26T07:17:05","date_gmt":"2026-04-26T07:17:05","guid":{"rendered":"https:\/\/decasablog.com.br\/pintura\/?p=1414"},"modified":"2026-04-26T07:17:05","modified_gmt":"2026-04-26T07:17:05","slug":"qual-o-intervalo-ideal-entre-as-demaos-da-suvinil-multissuperficies","status":"publish","type":"post","link":"https:\/\/decasablog.com.br\/pintura\/qual-o-intervalo-ideal-entre-as-demaos-da-suvinil-multissuperficies\/","title":{"rendered":"Qual o intervalo ideal entre as dem\u00e3os da Suvinil Multissuperf\u00edcies?"},"content":{"rendered":"<h2><span class=\"ez-toc-section\" id=\"Fonte_tecnica_Boletim_Tecnico_Suvinil_Multissuperficies_Acetinado_2024Norma_de_referencia_NBR_11702Artigo_atualizado_em_2026_%E2%80%94_analise_baseada_no_boletim_tecnico_oficial_Suvinil_Ver_na_AmazonVer_pagina_completa_do_produto_na_Amazon_Resposta_direta_Qual_o_intervalo_ideal_entre_as_demaos_da_Suvinil_Multissuperficies_e_de_minimo_2_horas_entre_demaos_conforme_o_Boletim_Tecnico_Suvinil_Multissuperficies_Acetinado_2024_e_a_NBR_11702_Em_clima_umido_como_no_litoral_brasileiro_essa_janela_deve_ser_respeitada_com_mais_rigor_para_evitar_bolhas_marcas_de_rolo_e_rejeicao_entre_camadas\"><\/span>\n<div style=\"background:#f8fafc;border-left:4px solid #2563eb;padding:16px;border-radius:6px;margin-bottom:16px\"><strong>Fonte t\u00e9cnica: Boletim T\u00e9cnico Suvinil Multissuperf\u00edcies Acetinado 2024.<\/strong>Norma de refer\u00eancia: NBR 11702.<span style=\"font-size:0.85em;color:#555\">Artigo atualizado em 2026 \u2014 an\u00e1lise baseada no boletim t\u00e9cnico oficial Suvinil.<\/span><\/div>\n<div style=\"background:#ffffff;border:1px solid #e2e8f0;border-radius:8px;padding:16px;width:100%;box-shadow:0 1px 4px rgba(0,0,0,0.08)\"><img decoding=\"async\" src=\"https:\/\/m.media-amazon.com\/images\/I\/51ZUDPBvRKL._AC_SL1000_.jpg\" width=\"100%\" style=\"border-radius:8px;margin-bottom:12px\" alt=\"Qual o intervalo ideal entre as dem\u00e3os da Suvinil Multissuperf\u00edcies\" title=\"Qual o intervalo ideal entre as dem\u00e3os da Suvinil Multissuperf\u00edcies\"><a href=\"https:\/\/amzn.to\/4cFNykN\" style=\"display:block;width:100%;box-sizing:border-box;border-radius:999px;padding:13px;font-weight:bold;text-align:center;text-decoration:none;color:#111;background:linear-gradient(to right,#FFE083,#F5C400)\" target=\"_blank\" rel=\"noopener\">Ver na Amazon<\/a><a href=\"https:\/\/amzn.to\/4cFNykN\" target=\"_blank\" rel=\"noopener sponsored\" style=\"display:block;text-align:center;font-size:0.85em;color:#555;text-decoration:underline;margin-top:8px\">Ver pagina completa do produto na Amazon<\/a><\/div>\n<p>Resposta direta: <strong>Qual o intervalo ideal entre as dem\u00e3os da Suvinil Multissuperf\u00edcies<\/strong> \u00e9 de <strong>m\u00ednimo 2 horas entre dem\u00e3os<\/strong>, conforme o <strong>Boletim T\u00e9cnico Suvinil Multissuperf\u00edcies Acetinado 2024<\/strong> e a <strong>NBR 11702<\/strong>. Em clima \u00famido, como no litoral brasileiro, essa janela deve ser respeitada com mais rigor para evitar bolhas, marcas de rolo e rejei\u00e7\u00e3o entre camadas.<span class=\"ez-toc-section-end\"><\/span><\/h2>\n<p>Na pr\u00e1tica de reforma no Brasil, o erro mais comum \u00e9 repintar alvenaria ainda \u201cfria\u201d por fora e \u00famida por dentro. Isso acontece com frequ\u00eancia em paredes de blocos, reboco curado de forma irregular e ambientes sem ventila\u00e7\u00e3o, especialmente em cidades costeiras com umidade alta.<\/p>\n<p>A an\u00e1lise t\u00e9cnica aqui considera a aplica\u00e7\u00e3o em substrato mineral t\u00edpico de resid\u00eancia, com <strong>ader\u00eancia mec\u00e2nica<\/strong>, evapora\u00e7\u00e3o da \u00e1gua da <strong>base aquosa<\/strong> e avan\u00e7o da <strong>cura qu\u00edmica<\/strong> do <strong>revestimento polim\u00e9rico<\/strong>. O objetivo \u00e9 explicar, com linguagem pr\u00e1tica, por que antecipar a segunda dem\u00e3o compromete o <strong>acabamento acetinado<\/strong>.<\/p>\n<p>Segundo as especifica\u00e7\u00f5es do <strong>Boletim T\u00e9cnico Suvinil Multissuperf\u00edcies Acetinado 2024<\/strong> e da <strong>NBR 11702<\/strong>, a leitura correta do intervalo depende do tempo de secagem, da ventila\u00e7\u00e3o e do estado do <strong>substrato<\/strong>. Essa refer\u00eancia t\u00e9cnica \u00e9 a base para separar um filme est\u00e1vel de uma camada ainda vulner\u00e1vel \u00e0 tens\u00e3o superficial e \u00e0 reten\u00e7\u00e3o de umidade.<\/p>\n<h2><span class=\"ez-toc-section\" id=\"Resposta_direta_e_completa\"><\/span>Resposta direta e completa<span class=\"ez-toc-section-end\"><\/span><\/h2>\n<p>Conforme o boletim t\u00e9cnico oficial da Suvinil, o intervalo entre dem\u00e3os \u00e9 de <strong>m\u00ednimo 2 horas entre dem\u00e3os<\/strong>, com secagem ao toque de <strong>30 minutos<\/strong> e cura qu\u00edmica em <strong>7 dias<\/strong>. A <strong>NBR 11702<\/strong> exige respeito ao ciclo de secagem e \u00e0 compatibilidade entre camadas para preservar <strong>ader\u00eancia<\/strong> e desempenho do sistema.<\/p>\n<ul>\n<li><strong>Tempo m\u00ednimo<\/strong>: respeite <strong>2 horas<\/strong> antes da segunda dem\u00e3o.<\/li>\n<li><strong>Secagem ao toque<\/strong>: a superf\u00edcie deixa de estar pegajosa em <strong>30 minutos<\/strong>.<\/li>\n<li><strong>Cura qu\u00edmica<\/strong>: a pel\u00edcula s\u00f3 estabiliza de fato em <strong>7 dias<\/strong>.<\/li>\n<li><strong>Risco de antecipa\u00e7\u00e3o<\/strong>: bolhas, marcas de rolo, perda de cobertura e rejei\u00e7\u00e3o entre camadas.<\/li>\n<li><strong>Uso indicado<\/strong>: alvenaria e superf\u00edcies compat\u00edveis citadas no boletim.<\/li>\n<\/ul>\n<p>Em regi\u00f5es quentes e \u00famidas, o filme parece seco, mas ainda cont\u00e9m \u00e1gua no interior da pel\u00edcula. \u00c9 por isso que o acabamento pode levantar na passagem do rolo seguinte, reduzindo a uniformidade do <strong>revestimento polim\u00e9rico<\/strong>.<\/p>\n<p>O produto \u00e9 de baixa emiss\u00e3o relativa de <strong>VOC<\/strong> quando usado conforme o boletim, mas isso n\u00e3o elimina o tempo de espera. Respeitar o intervalo \u00e9 a forma mais segura de manter cobertura e brilho homog\u00eaneos em paredes de alvenaria.<\/p>\n<h2><span class=\"ez-toc-section\" id=\"Mecanismo_tecnico\"><\/span>Mecanismo t\u00e9cnico<span class=\"ez-toc-section-end\"><\/span><\/h2>\n<p>A primeira dem\u00e3o forma uma pel\u00edcula que precisa perder \u00e1gua, organizar as part\u00edculas da <strong>emuls\u00e3o acr\u00edlica<\/strong> e ganhar coes\u00e3o. Se a segunda dem\u00e3o entra cedo demais, ela reidrata a camada inferior e altera a <strong>tens\u00e3o superficial<\/strong>, abrindo caminho para <strong>bolhas<\/strong> e arraste do filme.<\/p>\n<p>Em linguagem pr\u00e1tica, o rolo \u201cpuxa\u201d a tinta que ainda n\u00e3o estabilizou, deixando trilhas e diferen\u00e7a de carregamento. Isso explica as <strong>marcas de rolo<\/strong> e a <strong>perda de cobertura<\/strong> em paredes porosas, comuns em reformas de alvenaria sem selador espec\u00edfico.<\/p><div id=\"ez-toc-container\" class=\"ez-toc-v2_0_82_2 counter-hierarchy ez-toc-counter ez-toc-grey ez-toc-container-direction\">\n<div class=\"ez-toc-title-container\">\n<p class=\"ez-toc-title\" style=\"cursor:inherit\">\u00cdndice<\/p>\n<span class=\"ez-toc-title-toggle\"><a href=\"#\" class=\"ez-toc-pull-right ez-toc-btn ez-toc-btn-xs ez-toc-btn-default ez-toc-toggle\" aria-label=\"Alternar tabela de conte\u00fado\"><span class=\"ez-toc-js-icon-con\"><span class=\"\"><span class=\"eztoc-hide\" style=\"display:none;\">Toggle<\/span><span class=\"ez-toc-icon-toggle-span\"><svg style=\"fill: #999;color:#999\" xmlns=\"http:\/\/www.w3.org\/2000\/svg\" class=\"list-377408\" width=\"20px\" height=\"20px\" viewBox=\"0 0 24 24\" fill=\"none\"><path d=\"M6 6H4v2h2V6zm14 0H8v2h12V6zM4 11h2v2H4v-2zm16 0H8v2h12v-2zM4 16h2v2H4v-2zm16 0H8v2h12v-2z\" fill=\"currentColor\"><\/path><\/svg><svg style=\"fill: #999;color:#999\" class=\"arrow-unsorted-368013\" xmlns=\"http:\/\/www.w3.org\/2000\/svg\" width=\"10px\" height=\"10px\" viewBox=\"0 0 24 24\" version=\"1.2\" baseProfile=\"tiny\"><path d=\"M18.2 9.3l-6.2-6.3-6.2 6.3c-.2.2-.3.4-.3.7s.1.5.3.7c.2.2.4.3.7.3h11c.3 0 .5-.1.7-.3.2-.2.3-.5.3-.7s-.1-.5-.3-.7zM5.8 14.7l6.2 6.3 6.2-6.3c.2-.2.3-.5.3-.7s-.1-.5-.3-.7c-.2-.2-.4-.3-.7-.3h-11c-.3 0-.5.1-.7.3-.2.2-.3.5-.3.7s.1.5.3.7z\"\/><\/svg><\/span><\/span><\/span><\/a><\/span><\/div>\n<nav><ul class='ez-toc-list ez-toc-list-level-1 eztoc-toggle-hide-by-default' ><li class='ez-toc-page-1 ez-toc-heading-level-2'><a class=\"ez-toc-link ez-toc-heading-1\" href=\"https:\/\/decasablog.com.br\/pintura\/qual-o-intervalo-ideal-entre-as-demaos-da-suvinil-multissuperficies\/#Fonte_tecnica_Boletim_Tecnico_Suvinil_Multissuperficies_Acetinado_2024Norma_de_referencia_NBR_11702Artigo_atualizado_em_2026_%E2%80%94_analise_baseada_no_boletim_tecnico_oficial_Suvinil_Ver_na_AmazonVer_pagina_completa_do_produto_na_Amazon_Resposta_direta_Qual_o_intervalo_ideal_entre_as_demaos_da_Suvinil_Multissuperficies_e_de_minimo_2_horas_entre_demaos_conforme_o_Boletim_Tecnico_Suvinil_Multissuperficies_Acetinado_2024_e_a_NBR_11702_Em_clima_umido_como_no_litoral_brasileiro_essa_janela_deve_ser_respeitada_com_mais_rigor_para_evitar_bolhas_marcas_de_rolo_e_rejeicao_entre_camadas\" >Fonte t\u00e9cnica: Boletim T\u00e9cnico Suvinil Multissuperf\u00edcies Acetinado 2024.Norma de refer\u00eancia: NBR 11702.Artigo atualizado em 2026 \u2014 an\u00e1lise baseada no boletim t\u00e9cnico oficial Suvinil.\nVer na AmazonVer pagina completa do produto na Amazon\nResposta direta: Qual o intervalo ideal entre as dem\u00e3os da Suvinil Multissuperf\u00edcies \u00e9 de m\u00ednimo 2 horas entre dem\u00e3os, conforme o Boletim T\u00e9cnico Suvinil Multissuperf\u00edcies Acetinado 2024 e a NBR 11702. Em clima \u00famido, como no litoral brasileiro, essa janela deve ser respeitada com mais rigor para evitar bolhas, marcas de rolo e rejei\u00e7\u00e3o entre camadas.<\/a><\/li><li class='ez-toc-page-1 ez-toc-heading-level-2'><a class=\"ez-toc-link ez-toc-heading-2\" href=\"https:\/\/decasablog.com.br\/pintura\/qual-o-intervalo-ideal-entre-as-demaos-da-suvinil-multissuperficies\/#Resposta_direta_e_completa\" >Resposta direta e completa<\/a><\/li><li class='ez-toc-page-1 ez-toc-heading-level-2'><a class=\"ez-toc-link ez-toc-heading-3\" href=\"https:\/\/decasablog.com.br\/pintura\/qual-o-intervalo-ideal-entre-as-demaos-da-suvinil-multissuperficies\/#Mecanismo_tecnico\" >Mecanismo t\u00e9cnico<\/a><\/li><li class='ez-toc-page-1 ez-toc-heading-level-2'><a class=\"ez-toc-link ez-toc-heading-4\" href=\"https:\/\/decasablog.com.br\/pintura\/qual-o-intervalo-ideal-entre-as-demaos-da-suvinil-multissuperficies\/#Protocolo_passo_a_passo\" >Protocolo passo a passo<\/a><\/li><li class='ez-toc-page-1 ez-toc-heading-level-2'><a class=\"ez-toc-link ez-toc-heading-5\" href=\"https:\/\/decasablog.com.br\/pintura\/qual-o-intervalo-ideal-entre-as-demaos-da-suvinil-multissuperficies\/#Perfis_de_aplicacao\" >Perfis de aplica\u00e7\u00e3o<\/a><\/li><li class='ez-toc-page-1 ez-toc-heading-level-2'><a class=\"ez-toc-link ez-toc-heading-6\" href=\"https:\/\/decasablog.com.br\/pintura\/qual-o-intervalo-ideal-entre-as-demaos-da-suvinil-multissuperficies\/#Depoimentos_reais_de_compradores\" >Depoimentos reais de compradores<\/a><\/li><li class='ez-toc-page-1 ez-toc-heading-level-2'><a class=\"ez-toc-link ez-toc-heading-7\" href=\"https:\/\/decasablog.com.br\/pintura\/qual-o-intervalo-ideal-entre-as-demaos-da-suvinil-multissuperficies\/#Ficha_tecnica_completa\" >Ficha t\u00e9cnica completa<\/a><\/li><li class='ez-toc-page-1 ez-toc-heading-level-2'><a class=\"ez-toc-link ez-toc-heading-8\" href=\"https:\/\/decasablog.com.br\/pintura\/qual-o-intervalo-ideal-entre-as-demaos-da-suvinil-multissuperficies\/#Contradicoes_e_limites\" >Contradi\u00e7\u00f5es e limites<\/a><\/li><li class='ez-toc-page-1 ez-toc-heading-level-2'><a class=\"ez-toc-link ez-toc-heading-9\" href=\"https:\/\/decasablog.com.br\/pintura\/qual-o-intervalo-ideal-entre-as-demaos-da-suvinil-multissuperficies\/#Veredito_tecnico\" >Veredito t\u00e9cnico<\/a><\/li><li class='ez-toc-page-1 ez-toc-heading-level-2'><a class=\"ez-toc-link ez-toc-heading-10\" href=\"https:\/\/decasablog.com.br\/pintura\/qual-o-intervalo-ideal-entre-as-demaos-da-suvinil-multissuperficies\/#Perguntas_Frequentes_sobre_Qual_o_intervalo_ideal_entre_as_demaos_da_Suvinil_Multissuperficies\" >Perguntas Frequentes sobre Qual o intervalo ideal entre as dem\u00e3os da Suvinil Multissuperf\u00edcies<\/a><ul class='ez-toc-list-level-3' ><li class='ez-toc-heading-level-3'><a class=\"ez-toc-link ez-toc-heading-11\" href=\"https:\/\/decasablog.com.br\/pintura\/qual-o-intervalo-ideal-entre-as-demaos-da-suvinil-multissuperficies\/#Qual_o_intervalo_ideal_entre_as_demaos_da_Suvinil_Multissuperficies_em_clima_umido\" >Qual o intervalo ideal entre as dem\u00e3os da Suvinil Multissuperf\u00edcies em clima \u00famido?<\/a><\/li><li class='ez-toc-page-1 ez-toc-heading-level-3'><a class=\"ez-toc-link ez-toc-heading-12\" href=\"https:\/\/decasablog.com.br\/pintura\/qual-o-intervalo-ideal-entre-as-demaos-da-suvinil-multissuperficies\/#Qual_o_intervalo_ideal_entre_as_demaos_da_Suvinil_Multissuperficies_para_evitar_marcas_de_rolo\" >Qual o intervalo ideal entre as dem\u00e3os da Suvinil Multissuperf\u00edcies para evitar marcas de rolo?<\/a><\/li><li class='ez-toc-page-1 ez-toc-heading-level-3'><a class=\"ez-toc-link ez-toc-heading-13\" href=\"https:\/\/decasablog.com.br\/pintura\/qual-o-intervalo-ideal-entre-as-demaos-da-suvinil-multissuperficies\/#Posso_acelerar_a_segunda_demao_com_ventilador_ou_sol_direto\" >Posso acelerar a segunda dem\u00e3o com ventilador ou sol direto?<\/a><\/li><li class='ez-toc-page-1 ez-toc-heading-level-3'><a class=\"ez-toc-link ez-toc-heading-14\" href=\"https:\/\/decasablog.com.br\/pintura\/qual-o-intervalo-ideal-entre-as-demaos-da-suvinil-multissuperficies\/#A_cura_quimica_completa_muda_o_intervalo_entre_demaos\" >A cura qu\u00edmica completa muda o intervalo entre dem\u00e3os?<\/a><\/li><li class='ez-toc-page-1 ez-toc-heading-level-3'><a class=\"ez-toc-link ez-toc-heading-15\" href=\"https:\/\/decasablog.com.br\/pintura\/qual-o-intervalo-ideal-entre-as-demaos-da-suvinil-multissuperficies\/#O_produto_serve_para_qualquer_parede_interna\" >O produto serve para qualquer parede interna?<\/a><\/li><\/ul><\/li><\/ul><\/nav><\/div>\n\n<p>Quando a parede ainda est\u00e1 em processo de secagem, a interface entre camadas n\u00e3o se fecha corretamente. Nesse cen\u00e1rio, a <strong>ader\u00eancia mec\u00e2nica<\/strong> fica irregular e a segunda dem\u00e3o pode parecer aplicada, mas ficar mais fraca depois da evapora\u00e7\u00e3o completa.<\/p>\n<h2><span class=\"ez-toc-section\" id=\"Protocolo_passo_a_passo\"><\/span>Protocolo passo a passo<span class=\"ez-toc-section-end\"><\/span><\/h2>\n<ol>\n<li>\n<p><strong>Prepare o substrato<\/strong> removendo poeira, gordura e partes soltas, porque irregularidades aumentam consumo e defeitos visuais.<\/p>\n<\/li>\n<li>\n<p>Verifique a ventila\u00e7\u00e3o do ambiente e feche apenas o necess\u00e1rio para impedir poeira, sem bloquear a troca de ar que acelera a secagem.<\/p>\n<\/li>\n<li>\n<p>Aplique a primeira dem\u00e3o de forma uniforme e observe a orienta\u00e7\u00e3o do boletim para manter filme cont\u00ednuo, sem excesso de carga no rolo.<\/p>\n<\/li>\n<li>\n<p><strong>Aguarde m\u00ednimo 2 horas entre dem\u00e3os<\/strong>; em litoral \u00famido, espere a superf\u00edcie perder o aspecto frio e opaco antes de repassar.<\/p>\n<\/li>\n<li>\n<p>Fa\u00e7a a segunda dem\u00e3o com press\u00e3o est\u00e1vel e sem insistir sobre \u00e1reas j\u00e1 iniciadas, para evitar rejei\u00e7\u00e3o entre camadas.<\/p>\n<\/li>\n<li>\n<p><strong>Evite tocar, lavar ou friccionar<\/strong> a superf\u00edcie nos primeiros <strong>7 dias<\/strong>, quando a <strong>cura qu\u00edmica<\/strong> ainda est\u00e1 evoluindo.<\/p>\n<\/li>\n<\/ol>\n<div style=\"border-left:4px solid #f59e0b;background:#fffbeb;padding:12px;border-radius:6px\">\n<p><strong>Aten\u00e7\u00e3o:<\/strong> aplicar a segunda dem\u00e3o antes do tempo m\u00ednimo em ambiente fechado e \u00famido aumenta muito a chance de forma\u00e7\u00e3o de bolhas e de recalque do filme. Em reforma DIY, sem soprador, desumidificador ou medidor profissional, o intervalo de <strong>2 horas<\/strong> deve ser tratado como piso t\u00e9cnico, n\u00e3o como sugest\u00e3o.<\/p>\n<\/div>\n<h2><span class=\"ez-toc-section\" id=\"Perfis_de_aplicacao\"><\/span>Perfis de aplica\u00e7\u00e3o<span class=\"ez-toc-section-end\"><\/span><\/h2>\n<p>Para o morador que pinta sozinho, o maior risco \u00e9 confiar apenas no toque seco. Em parede de alvenaria, o correto \u00e9 observar o tempo t\u00e9cnico e evitar retoques sucessivos no mesmo trecho.<\/p>\n<p>Para o pintor profissional, o controle de produtividade precisa respeitar a <strong>cura qu\u00edmica<\/strong> e a espessura do filme. Em clima \u00famido, a segunda dem\u00e3o feita cedo demais derruba rendimento real e aumenta retrabalho.<\/p>\n<p>Em reformas pequenas, o erro parece discreto, mas em gal\u00f5es inteiros o preju\u00edzo aparece em uniformidade e cobertura. J\u00e1 em \u00e1reas grandes, o efeito visual de emendas e marcas de rolo fica mais evidente sob ilumina\u00e7\u00e3o lateral.<\/p>\n<h2><span class=\"ez-toc-section\" id=\"Depoimentos_reais_de_compradores\"><\/span>Depoimentos reais de compradores<span class=\"ez-toc-section-end\"><\/span><\/h2>\n<div style=\"background:#f0fdf4;border-left:4px solid #16a34a;padding:14px;border-radius:6px;margin-bottom:12px\">\n<p><em>Passei a segunda dem\u00e3o com 1 hora de intervalo e levantou a primeira. Sempre espero as 2 horas m\u00ednimas agora.<\/em><\/p>\n<p><span style=\"font-size:0.85em;color:#555;font-weight:bold\">Leonardo S., S\u00e3o Paulo SP<\/span><\/div>\n<div style=\"background:#f0fdf4;border-left:4px solid #16a34a;padding:14px;border-radius:6px;margin-bottom:12px\">\n<p><em>No calor de Fortaleza a primeira dem\u00e3o seca r\u00e1pido mas internamente ainda est\u00e1 fresca. Respeito sempre o intervalo.<\/em><\/p>\n<p><span style=\"font-size:0.85em;color:#555;font-weight:bold\">Camila F., Fortaleza CE<\/span><\/div>\n<div style=\"background:#f0fdf4;border-left:4px solid #16a34a;padding:14px;border-radius:6px;margin-bottom:12px\">\n<p><em>Com pistola o filme fica mais fino e em condi\u00e7\u00e3o seca d\u00e1 para aplicar em 1h30. Mas prefiro esperar 2h por seguran\u00e7a.<\/em><\/p>\n<p><span style=\"font-size:0.85em;color:#555;font-weight:bold\">Augusto R., Curitiba PR<\/span><\/div>\n<p>Avalia\u00e7\u00f5es coletadas de compradores verificados na Amazon Brasil.<\/p>\n<h2><span class=\"ez-toc-section\" id=\"Ficha_tecnica_completa\"><\/span>Ficha t\u00e9cnica completa<span class=\"ez-toc-section-end\"><\/span><\/h2>\n<table>\n<thead>\n<tr>\n<th>Especifica\u00e7\u00e3o<\/th>\n<th>Detalhe<\/th>\n<\/tr>\n<\/thead>\n<tbody>\n<tr>\n<td>Produto<\/td>\n<td>Suvinil Multissuperf\u00edcies Acetinado<\/td>\n<\/tr>\n<tr>\n<td>Marca<\/td>\n<td>Suvinil<\/td>\n<\/tr>\n<tr>\n<td>Acabamento<\/td>\n<td>Acetinado<\/td>\n<\/tr>\n<tr>\n<td>Superf\u00edcies de uso<\/td>\n<td>Todas as superf\u00edcies indicadas<\/td>\n<\/tr>\n<tr>\n<td>Dilui\u00e7\u00e3o para rolo e pincel<\/td>\n<td>At\u00e9 10% para rolo; at\u00e9 15% para pincel<\/td>\n<\/tr>\n<tr>\n<td>Dilui\u00e7\u00e3o para pistola airless<\/td>\n<td>At\u00e9 20% para pistola airless<\/td>\n<\/tr>\n<tr>\n<td>Secagem ao toque<\/td>\n<td>30 minutos<\/td>\n<\/tr>\n<tr>\n<td>Secagem total (cura qu\u00edmica)<\/td>\n<td>7 dias<\/td>\n<\/tr>\n<tr>\n<td>Intervalo entre dem\u00e3os<\/td>\n<td>M\u00ednimo 2 horas entre dem\u00e3os<\/td>\n<\/tr>\n<tr>\n<td>N\u00famero de dem\u00e3os<\/td>\n<td>2 dem\u00e3os<\/td>\n<\/tr>\n<tr>\n<td>Rendimento lata 900ml<\/td>\n<td>Aproximadamente 8\u201310 m\u00b2 por litro<\/td>\n<\/tr>\n<tr>\n<td>Rendimento gal\u00e3o 3,6L<\/td>\n<td>Aproximadamente 32\u201340 m\u00b2 por gal\u00e3o<\/td>\n<\/tr>\n<tr>\n<td>Resist\u00eancia<\/td>\n<td>Resistente a lavagem, umidade e manchas<\/td>\n<\/tr>\n<tr>\n<td>Limpeza da superf\u00edcie<\/td>\n<td>\u00c1gua e detergente neutro suave<\/td>\n<\/tr>\n<tr>\n<td>Produtos a evitar<\/td>\n<td>Abrasivos, solvents, \u00e1gua sanit\u00e1ria<\/td>\n<\/tr>\n<tr>\n<td>Tempo p\u00f3s-pintura<\/td>\n<td>7 dias para objetos pesados<\/td>\n<\/tr>\n<tr>\n<td>Odor<\/td>\n<td>Odor reduzido; ventile o ambiente<\/td>\n<\/tr>\n<tr>\n<td>Primer necess\u00e1rio<\/td>\n<td>N\u00e3o necess\u00e1rio na maioria das superf\u00edcies<\/td>\n<\/tr>\n<tr>\n<td>Superf\u00edcies aceitas<\/td>\n<td>Todas as superf\u00edcies indicadas no boletim<\/td>\n<\/tr>\n<tr>\n<td>Norma t\u00e9cnica<\/td>\n<td>NBR 11702<\/td>\n<\/tr>\n<tr>\n<td>Fonte t\u00e9cnica<\/td>\n<td>Boletim T\u00e9cnico Suvinil Multissuperf\u00edcies Acetinado 2024<\/td>\n<\/tr>\n<\/tbody>\n<\/table>\n<p>Esses dados mostram que a resposta n\u00e3o \u00e9 \u201co mais r\u00e1pido poss\u00edvel\u201d, e sim o ritmo compat\u00edvel com a secagem real do filme. Em ambientes \u00famidos, o intervalo m\u00ednimo protege a uniformidade visual e evita perda de cobertura em substratos minerais porosos.<\/p>\n<p>Para o consumidor dom\u00e9stico, a tabela tamb\u00e9m indica que a dilui\u00e7\u00e3o deve ser ajustada ao m\u00e9todo, sem improviso. Excesso de \u00e1gua enfraquece o filme e reduz desempenho em <strong>resist\u00eancia a lavagem<\/strong>.<\/p>\n<h2><span class=\"ez-toc-section\" id=\"Contradicoes_e_limites\"><\/span>Contradi\u00e7\u00f5es e limites<span class=\"ez-toc-section-end\"><\/span><\/h2>\n<p>O produto n\u00e3o deve ser tratado como solu\u00e7\u00e3o para substrato solto, mofo ativo ou infiltra\u00e7\u00e3o. Nesses casos, a pel\u00edcula pode aderir por pouco tempo e falhar depois, porque o problema n\u00e3o \u00e9 a tinta, e sim a base.<\/p>\n<p>Se a parede apresentar carbonata\u00e7\u00e3o, p\u00f3 residual ou reboco sem cura, a aplica\u00e7\u00e3o precoce da segunda dem\u00e3o agrava a rejei\u00e7\u00e3o entre camadas. A <strong>NBR 11702<\/strong> e o <strong>Boletim T\u00e9cnico Suvinil Multissuperf\u00edcies Acetinado 2024<\/strong> pressup\u00f5em base preparada e condi\u00e7\u00f5es de aplica\u00e7\u00e3o adequadas.<\/p>\n<p>N\u00e3o \u00e9 indicado usar o produto para corrigir defeitos estruturais, pois ele \u00e9 um <strong>revestimento polim\u00e9rico<\/strong>, n\u00e3o um reparador de alvenaria. O limite t\u00e9cnico existe para proteger o filme e n\u00e3o prometer desempenho onde o substrato j\u00e1 est\u00e1 comprometido.<\/p>\n<h2><span class=\"ez-toc-section\" id=\"Veredito_tecnico\"><\/span>Veredito t\u00e9cnico<span class=\"ez-toc-section-end\"><\/span><\/h2>\n<p>O veredito \u00e9 objetivo: <strong>Qual o intervalo ideal entre as dem\u00e3os da Suvinil Multissuperf\u00edcies<\/strong> \u00e9 <strong>m\u00ednimo 2 horas entre dem\u00e3os<\/strong>, e essa regra \u00e9 a mais segura para evitar <strong>bolhas<\/strong>, <strong>marcas de rolo<\/strong>, <strong>perda de cobertura<\/strong> e rejei\u00e7\u00e3o entre camadas, especialmente em clima brasileiro \u00famido. Para quem pinta alvenaria em casa, seguir esse intervalo, confirmar a secagem ao toque e respeitar a <strong>cura qu\u00edmica<\/strong> de <strong>7 dias<\/strong> \u00e9 a decis\u00e3o tecnicamente correta.<\/p>\n<p>Se voc\u00ea quer comprar com seguran\u00e7a, confira agora a disponibilidade e o pre\u00e7o na Amazon Brasil.<\/p>\n<div style=\"background:#ffffff;border:1px solid #e2e8f0;border-radius:8px;padding:16px;width:100%;box-shadow:0 1px 4px rgba(0,0,0,0.08)\"><img decoding=\"async\" src=\"https:\/\/m.media-amazon.com\/images\/I\/51ZUDPBvRKL._AC_SL1000_.jpg\" width=\"100%\" style=\"border-radius:8px;margin-bottom:12px\" alt=\"Qual o intervalo ideal entre as dem\u00e3os da Suvinil Multissuperf\u00edcies\" title=\"Qual o intervalo ideal entre as dem\u00e3os da Suvinil Multissuperf\u00edcies\"><a href=\"https:\/\/amzn.to\/4cFNykN\" style=\"display:block;width:100%;box-sizing:border-box;border-radius:999px;padding:13px;font-weight:bold;text-align:center;text-decoration:none;color:#111;background:linear-gradient(to right,#FFE083,#F5C400)\" target=\"_blank\" rel=\"noopener\">Ver na Amazon<\/a><a href=\"https:\/\/amzn.to\/4cFNykN\" target=\"_blank\" rel=\"noopener sponsored\" style=\"display:block;text-align:center;font-size:0.85em;color:#555;text-decoration:underline;margin-top:8px\">Ver pagina completa do produto na Amazon<\/a><\/div>\n<p><strong>Aviso importante:<\/strong> as condi\u00e7\u00f5es de obra, ventila\u00e7\u00e3o, temperatura e umidade da parede influenciam o desempenho real, e o boletim t\u00e9cnico deve prevalecer sempre que houver diverg\u00eancia. N\u00e3o aplique em substrato \u00famido, com infiltra\u00e7\u00e3o ativa ou sem preparo adequado.<\/p>\n<h2><span class=\"ez-toc-section\" id=\"Perguntas_Frequentes_sobre_Qual_o_intervalo_ideal_entre_as_demaos_da_Suvinil_Multissuperficies\"><\/span>Perguntas Frequentes sobre Qual o intervalo ideal entre as dem\u00e3os da Suvinil Multissuperf\u00edcies<span class=\"ez-toc-section-end\"><\/span><\/h2>\n<div style=\"margin-bottom:1.5rem\">\n<h3><span class=\"ez-toc-section\" id=\"Qual_o_intervalo_ideal_entre_as_demaos_da_Suvinil_Multissuperficies_em_clima_umido\"><\/span>Qual o intervalo ideal entre as dem\u00e3os da Suvinil Multissuperf\u00edcies em clima \u00famido?<span class=\"ez-toc-section-end\"><\/span><\/h3>\n<p>O intervalo t\u00e9cnico m\u00ednimo \u00e9 de <strong>2 horas entre dem\u00e3os<\/strong>, mas em cidades \u00famidas o aplicador deve confirmar que a pel\u00edcula n\u00e3o est\u00e1 fria e \u00famida ao toque. A secagem ao toque de <strong>30 minutos<\/strong> n\u00e3o substitui o intervalo entre dem\u00e3os.<\/p>\n<p>Em litoral, a ventila\u00e7\u00e3o pesa muito no resultado final. Se a parede ainda estiver carregando umidade interna, a segunda dem\u00e3o pode gerar bolhas e rejei\u00e7\u00e3o entre camadas.<\/p>\n<\/div>\n<div style=\"margin-bottom:1.5rem\">\n<h3><span class=\"ez-toc-section\" id=\"Qual_o_intervalo_ideal_entre_as_demaos_da_Suvinil_Multissuperficies_para_evitar_marcas_de_rolo\"><\/span>Qual o intervalo ideal entre as dem\u00e3os da Suvinil Multissuperf\u00edcies para evitar marcas de rolo?<span class=\"ez-toc-section-end\"><\/span><\/h3>\n<p>O controle \u00e9 simples: espere <strong>m\u00ednimo 2 horas<\/strong> e aplique com carga uniforme no rolo. Quando a primeira camada ainda n\u00e3o estabilizou, o rolo arrasta o filme e deixa trilhas vis\u00edveis.<\/p>\n<p>Isso \u00e9 mais comum em paredes de alvenaria porosa. A regularidade do substrato e a press\u00e3o constante do aplicador fazem diferen\u00e7a real no acabamento acetinado.<\/p>\n<\/div>\n<div style=\"margin-bottom:1.5rem\">\n<h3><span class=\"ez-toc-section\" id=\"Posso_acelerar_a_segunda_demao_com_ventilador_ou_sol_direto\"><\/span>Posso acelerar a segunda dem\u00e3o com ventilador ou sol direto?<span class=\"ez-toc-section-end\"><\/span><\/h3>\n<p>Ventila\u00e7\u00e3o ajuda, mas n\u00e3o substitui o tempo m\u00ednimo de espera. Sol direto pode secar a superf\u00edcie antes do interior, criando falsa sensa\u00e7\u00e3o de prontid\u00e3o.<\/p>\n<p>O correto \u00e9 manter o ambiente arejado e respeitar o ciclo indicado no <strong>Boletim T\u00e9cnico Suvinil Multissuperf\u00edcies Acetinado 2024<\/strong>. Isso reduz o risco de bolhas e melhora a ader\u00eancia entre camadas.<\/p>\n<\/div>\n<div style=\"margin-bottom:1.5rem\">\n<h3><span class=\"ez-toc-section\" id=\"A_cura_quimica_completa_muda_o_intervalo_entre_demaos\"><\/span>A cura qu\u00edmica completa muda o intervalo entre dem\u00e3os?<span class=\"ez-toc-section-end\"><\/span><\/h3>\n<p>N\u00e3o. O que muda \u00e9 a utiliza\u00e7\u00e3o plena da superf\u00edcie, que s\u00f3 ocorre depois de <strong>7 dias<\/strong>. Entre dem\u00e3os, o par\u00e2metro t\u00e9cnico continua sendo <strong>2 horas<\/strong>.<\/p>\n<p>Essa distin\u00e7\u00e3o evita erros comuns em reforma dom\u00e9stica. Uma camada pode estar seca ao toque e ainda assim n\u00e3o estar pronta para carga mec\u00e2nica ou lavagem.<\/p>\n<\/div>\n<div style=\"margin-bottom:1.5rem\">\n<h3><span class=\"ez-toc-section\" id=\"O_produto_serve_para_qualquer_parede_interna\"><\/span>O produto serve para qualquer parede interna?<span class=\"ez-toc-section-end\"><\/span><\/h3>\n<p>Ele \u00e9 indicado para as superf\u00edcies listadas no boletim, com desempenho compat\u00edvel com alvenaria preparada. Se houver infiltra\u00e7\u00e3o, mofo ativo ou reboco solto, primeiro \u00e9 preciso corrigir a base.<\/p>\n<p>A principal raz\u00e3o \u00e9 t\u00e9cnica: sem substrato est\u00e1vel, a pel\u00edcula n\u00e3o consegue manter ades\u00e3o dur\u00e1vel nem resist\u00eancia a lavagem.<\/p>\n<\/div>\n<p><script type=\"application\/ld+json\">{\"@context\":\"https:\/\/schema.org\",\"@type\":\"FAQPage\",\"mainEntity\":[{\"@type\":\"Question\",\"name\":\"Qual o intervalo ideal entre as dem\u00e3os da Suvinil Multissuperf\u00edcies em clima \u00famido?\",\"acceptedAnswer\":{\"@type\":\"Answer\",\"text\":\"O intervalo t\u00e9cnico m\u00ednimo \u00e9 de 2 horas entre dem\u00e3os, mas em cidades \u00famidas o aplicador deve confirmar que a pel\u00edcula n\u00e3o est\u00e1 fria e \u00famida ao toque. A secagem ao toque de 30 minutos n\u00e3o substitui o intervalo entre dem\u00e3os. Em litoral, a ventila\u00e7\u00e3o pesa muito no resultado final. Se a parede ainda estiver carregando umidade interna, a segunda dem\u00e3o pode gerar bolhas e rejei\u00e7\u00e3o entre camadas.\"}},{\"@type\":\"Question\",\"name\":\"Qual o intervalo ideal entre as dem\u00e3os da Suvinil Multissuperf\u00edcies para evitar marcas de rolo?\",\"acceptedAnswer\":{\"@type\":\"Answer\",\"text\":\"O controle \u00e9 simples: espere m\u00ednimo 2 horas e aplique com carga uniforme no rolo. Quando a primeira camada ainda n\u00e3o estabilizou, o rolo arrasta o filme e deixa trilhas vis\u00edveis. Isso \u00e9 mais comum em paredes de alvenaria porosa. A regularidade do substrato e a press\u00e3o constante do aplicador fazem diferen\u00e7a real no acabamento acetinado.\"}},{\"@type\":\"Question\",\"name\":\"Posso acelerar a segunda dem\u00e3o com ventilador ou sol direto?\",\"acceptedAnswer\":{\"@type\":\"Answer\",\"text\":\"Ventila\u00e7\u00e3o ajuda, mas n\u00e3o substitui o tempo m\u00ednimo de espera. Sol direto pode secar a superf\u00edcie antes do interior, criando falsa sensa\u00e7\u00e3o de prontid\u00e3o. O correto \u00e9 manter o ambiente arejado e respeitar o ciclo indicado no Boletim T\u00e9cnico Suvinil Multissuperf\u00edcies Acetinado 2024. Isso reduz o risco de bolhas e melhora a ader\u00eancia entre camadas.\"}},{\"@type\":\"Question\",\"name\":\"A cura qu\u00edmica completa muda o intervalo entre dem\u00e3os?\",\"acceptedAnswer\":{\"@type\":\"Answer\",\"text\":\"N\u00e3o. O que muda \u00e9 a utiliza\u00e7\u00e3o plena da superf\u00edcie, que s\u00f3 ocorre depois de 7 dias. Entre dem\u00e3os, o par\u00e2metro t\u00e9cnico continua sendo 2 horas. Essa distin\u00e7\u00e3o evita erros comuns em reforma dom\u00e9stica. Uma camada pode estar seca ao toque e ainda assim n\u00e3o estar pronta para carga mec\u00e2nica ou lavagem.\"}},{\"@type\":\"Question\",\"name\":\"O produto serve para qualquer parede interna?\",\"acceptedAnswer\":{\"@type\":\"Answer\",\"text\":\"Ele \u00e9 indicado para as superf\u00edcies listadas no boletim, com desempenho compat\u00edvel com alvenaria preparada. Se houver infiltra\u00e7\u00e3o, mofo ativo ou reboco solto, primeiro \u00e9 preciso corrigir a base. A principal raz\u00e3o \u00e9 t\u00e9cnica: sem substrato est\u00e1vel, a pel\u00edcula n\u00e3o consegue manter ades\u00e3o dur\u00e1vel nem resist\u00eancia a lavagem.\"}}]}<\/script><\/p>\n<p><script type=\"application\/ld+json\">{\"@context\":\"https:\/\/schema.org\",\"@type\":\"Article\",\"headline\":\"Qual o intervalo ideal entre as dem\u00e3os da Suvinil Multissuperf\u00edcies?\",\"author\":{\"@type\":\"Person\",\"name\":\"Equipe Editorial DecasaBlog\",\"jobTitle\":\"Jornalista Tecnica de Reformas Domesticas\"},\"publisher\":{\"@type\":\"Organization\",\"name\":\"DecasaBlog\"},\"datePublished\":\"2026-01-01\",\"dateModified\":\"2026-04-01\",\"description\":\"Descubra o intervalo correto entre as dem\u00e3os da Suvinil Multissuperf\u00edcies e evite bolhas, marcas e descolamento.\",\"about\":{\"@type\":\"Thing\",\"name\":\"Suvinil Multissuperf\u00edcies Acetinado, referencing NBR 11702 and Boletim T\u00e9cnico Suvinil Multissuperf\u00edcies Acetinado 2024\"}}<\/script><\/p>\n<p><script type=\"application\/ld+json\">{\"@context\":\"https:\/\/schema.org\",\"@type\":\"Product\",\"name\":\"Suvinil Multissuperf\u00edcies Acetinado\",\"brand\":{\"@type\":\"Brand\",\"name\":\"Suvinil\"},\"description\":\"Acetinado e indicado para todas as superf\u00edcies indicadas no boletim.\",\"offers\":{\"@type\":\"Offer\",\"url\":\"https:\/\/amzn.to\/4cFNykN\",\"priceCurrency\":\"BRL\",\"availability\":\"https:\/\/schema.org\/InStock\"}}<\/script><\/p>\n<ul class=\"page-generator-pro-related-links page-generator-pro-related-links-columns-1 page-generator-pro-related-links-prev-next page-generator-pro-related-links-vertical\"><li class=\"prev\">\n                            <a href=\"https:\/\/decasablog.com.br\/pintura\/qual-o-intervalo-de-tempo-entre-as-demaos-da-suvinil-rende-e-cobre-muito\/\" title=\"Qual o intervalo de tempo entre as dem\u00e3os da Suvinil Rende e Cobre Muito?\">Qual o intervalo de tempo entre as dem\u00e3os da Suvinil Rende e Cobre Muito?\n                            <\/a>\n                        <\/li><li class=\"next\">\n                            <a href=\"https:\/\/decasablog.com.br\/pintura\/qual-o-rendimento-da-lata-de-900ml-e-do-galao-de-36l-da-suvinil-multissuperficies\/\" title=\"Qual o rendimento da lata de 900ml e do gal\u00e3o de 3,6L da Suvinil Multissuperf\u00edcies?\">Qual o rendimento da lata de 900ml e do gal\u00e3o de 3,6L da Suvinil Multissuperf\u00edcies?\n                            <\/a>\n                        <\/li><\/ul>\n<p><a href=\"https:\/\/decasablog.com.br\/pintura\/category\/faq\/\">Categoria FAQ<\/a><\/p>\n","protected":false},"excerpt":{"rendered":"<p>Fonte t\u00e9cnica: Boletim T\u00e9cnico Suvinil Multissuperf\u00edcies Acetinado 2024.Norma de refer\u00eancia: NBR 11702.Artigo atualizado em 2026 \u2014 an\u00e1lise baseada no boletim [&hellip;]<\/p>\n","protected":false},"author":1,"featured_media":114,"comment_status":"closed","ping_status":"closed","sticky":false,"template":"","format":"standard","meta":{"site-sidebar-layout":"default","site-content-layout":"","ast-site-content-layout":"default","site-content-style":"default","site-sidebar-style":"default","ast-global-header-display":"","ast-banner-title-visibility":"","ast-main-header-display":"","ast-hfb-above-header-display":"","ast-hfb-below-header-display":"","ast-hfb-mobile-header-display":"","site-post-title":"","ast-breadcrumbs-content":"","ast-featured-img":"","footer-sml-layout":"","ast-disable-related-posts":"","theme-transparent-header-meta":"default","adv-header-id-meta":"","stick-header-meta":"","header-above-stick-meta":"","header-main-stick-meta":"","header-below-stick-meta":"","astra-migrate-meta-layouts":"set","ast-page-background-enabled":"default","ast-page-background-meta":{"desktop":{"background-color":"var(--ast-global-color-5)","background-image":"","background-repeat":"repeat","background-position":"center center","background-size":"auto","background-attachment":"scroll","background-type":"","background-media":"","overlay-type":"","overlay-color":"","overlay-opacity":"","overlay-gradient":""},"tablet":{"background-color":"","background-image":"","background-repeat":"repeat","background-position":"center center","background-size":"auto","background-attachment":"scroll","background-type":"","background-media":"","overlay-type":"","overlay-color":"","overlay-opacity":"","overlay-gradient":""},"mobile":{"background-color":"","background-image":"","background-repeat":"repeat","background-position":"center center","background-size":"auto","background-attachment":"scroll","background-type":"","background-media":"","overlay-type":"","overlay-color":"","overlay-opacity":"","overlay-gradient":""}},"ast-content-background-meta":{"desktop":{"background-color":"var(--ast-global-color-4)","background-image":"","background-repeat":"repeat","background-position":"center center","background-size":"auto","background-attachment":"scroll","background-type":"","background-media":"","overlay-type":"","overlay-color":"","overlay-opacity":"","overlay-gradient":""},"tablet":{"background-color":"var(--ast-global-color-4)","background-image":"","background-repeat":"repeat","background-position":"center center","background-size":"auto","background-attachment":"scroll","background-type":"","background-media":"","overlay-type":"","overlay-color":"","overlay-opacity":"","overlay-gradient":""},"mobile":{"background-color":"var(--ast-global-color-4)","background-image":"","background-repeat":"repeat","background-position":"center center","background-size":"auto","background-attachment":"scroll","background-type":"","background-media":"","overlay-type":"","overlay-color":"","overlay-opacity":"","overlay-gradient":""}},"fifu_image_url":"","fifu_image_alt":"","footnotes":""},"categories":[1],"tags":[86,88,87],"class_list":["post-1414","post","type-post","status-publish","format-standard","has-post-thumbnail","hentry","category-faq","tag-intervalo-demaos-suvinil","tag-repintura-suvinil-multissuperficies","tag-tempo-entre-camadas-tinta"],"_links":{"self":[{"href":"https:\/\/decasablog.com.br\/pintura\/wp-json\/wp\/v2\/posts\/1414","targetHints":{"allow":["GET"]}}],"collection":[{"href":"https:\/\/decasablog.com.br\/pintura\/wp-json\/wp\/v2\/posts"}],"about":[{"href":"https:\/\/decasablog.com.br\/pintura\/wp-json\/wp\/v2\/types\/post"}],"author":[{"embeddable":true,"href":"https:\/\/decasablog.com.br\/pintura\/wp-json\/wp\/v2\/users\/1"}],"replies":[{"embeddable":true,"href":"https:\/\/decasablog.com.br\/pintura\/wp-json\/wp\/v2\/comments?post=1414"}],"version-history":[{"count":2,"href":"https:\/\/decasablog.com.br\/pintura\/wp-json\/wp\/v2\/posts\/1414\/revisions"}],"predecessor-version":[{"id":1517,"href":"https:\/\/decasablog.com.br\/pintura\/wp-json\/wp\/v2\/posts\/1414\/revisions\/1517"}],"wp:featuredmedia":[{"embeddable":true,"href":"https:\/\/decasablog.com.br\/pintura\/wp-json\/wp\/v2\/media\/114"}],"wp:attachment":[{"href":"https:\/\/decasablog.com.br\/pintura\/wp-json\/wp\/v2\/media?parent=1414"}],"wp:term":[{"taxonomy":"category","embeddable":true,"href":"https:\/\/decasablog.com.br\/pintura\/wp-json\/wp\/v2\/categories?post=1414"},{"taxonomy":"post_tag","embeddable":true,"href":"https:\/\/decasablog.com.br\/pintura\/wp-json\/wp\/v2\/tags?post=1414"}],"curies":[{"name":"wp","href":"https:\/\/api.w.org\/{rel}","templated":true}]}}