{"id":1394,"date":"2026-04-24T21:26:03","date_gmt":"2026-04-24T21:26:03","guid":{"rendered":"https:\/\/decasablog.com.br\/pintura\/vinil-preto-fosco-automotivo-2m-x-60cm-adesivo-envelopamento\/"},"modified":"2026-04-24T21:26:03","modified_gmt":"2026-04-24T21:26:03","slug":"vinil-preto-fosco-automotivo-2m-x-60cm-adesivo-envelopamento","status":"publish","type":"post","link":"https:\/\/decasablog.com.br\/pintura\/vinil-preto-fosco-automotivo-2m-x-60cm-adesivo-envelopamento\/","title":{"rendered":"Vinil Preto Fosco Automotivo 2m x 60cm Adesivo Envelopamento"},"content":{"rendered":"<p>O <strong>adesivo vinil preto fosco envelopamento automotivo<\/strong> \u00e9 uma solu\u00e7\u00e3o pr\u00e1tica e vers\u00e1til para quem deseja renovar ou proteger a pintura do ve\u00edculo. Segundo avalia\u00e7\u00f5es verificadas na Amazon Brasil, o produto apresenta avalia\u00e7\u00e3o m\u00e9dia de 4,5 estrelas, indicando satisfa\u00e7\u00e3o geral dos consumidores com sua ader\u00eancia e durabilidade. Este tipo de adesivo \u00e9 popular entre propriet\u00e1rios de carros, motos e caminh\u00f5es que buscam uma cobertura resistente e esteticamente discreta.<\/p>\n<p>Escolher o adesivo ideal no segmento de Ferramentas e Materiais de Constru\u00e7\u00e3o > Materiais de Pintura, Ferramentas e Tratamentos de Parede > Adesivos e Murais de Parede pode ser desafiador, pois existem diversas op\u00e7\u00f5es no mercado com diferentes acabamentos, tamanhos e n\u00edveis de resist\u00eancia. O modelo Gen\u00e9rico, identificado pelo ASIN B0CGF8X459, destaca-se por seu ajuste universal, compatibilidade ampla e acabamento preto fosco, caracter\u00edsticas que facilitam a aplica\u00e7\u00e3o e atendem a variadas necessidades automotivas.<\/p>\n<p>O uso esperado para o adesivo vinil preto fosco envolve aplica\u00e7\u00e3o em superf\u00edcies lisas de ve\u00edculos como carros, motos, caminh\u00f5es, al\u00e9m de outras superf\u00edcies dom\u00e9sticas e industriais. O vinil imperme\u00e1vel e resistente ao sol e chuva, com dura\u00e7\u00e3o estimada de at\u00e9 5 anos, permite prote\u00e7\u00e3o e renova\u00e7\u00e3o sem grandes interven\u00e7\u00f5es, adequada para quem busca funcionalidade e custo-benef\u00edcio dentro do segmento de Ferramentas e Materiais de Constru\u00e7\u00e3o > Materiais de Pintura, Ferramentas e Tratamentos de Parede > Adesivos e Murais de Parede.<\/p>\n<p>Considerando o contexto do modelo Gen\u00e9rico, ASIN B0CGF8X459, e a categoria de Ferramentas e Materiais de Constru\u00e7\u00e3o > Materiais de Pintura, Ferramentas e Tratamentos de Parede > Adesivos e Murais de Parede, este adesivo vinil oferece uma alternativa eficiente para prote\u00e7\u00e3o e personaliza\u00e7\u00e3o. A seguir, apresentamos uma an\u00e1lise detalhada para orientar a decis\u00e3o de compra de forma assertiva.<\/p>\n<div style=\"background: #f5f5f5; border-left: 4px solid orange; padding: 12px; border-radius: 6px; margin-bottom: 16px;\">\n<strong>4.5 \u2605<\/strong> baseado em avalia\u00e7\u00f5es verificadas na Amazon Brasil.\n<small>Produto: Adesivo Vinil Preto Fosco Envelopamento Automotivo 2m x 60cm \u2014 ASIN B0CGF8X459<\/small>\n<\/div>\n<div style=\"background: white; border: 1px solid #e0e0e0; border-radius: 8px; padding: 16px; width: 100%; box-shadow: 0 2px 6px rgba(0,0,0,0.06); margin: 16px 0;\">\n<img decoding=\"async\" src=\"https:\/\/m.media-amazon.com\/images\/I\/71sW6rameoL._AC_SL1500_.jpg\" width=\"100%\" style=\"border-radius: 8px; margin-bottom: 12px; display: block;\" alt=\"Adesivo Vinil Preto Fosco Envelopamento Automotivo 2m x 60cm\"\/>\n<a href=\"https:\/\/amazon.com.br\/dp\/B0CGF8X459?tag=tinta01-20\" target=\"_blank\" rel=\"noopener sponsored\" style=\"display: block; width: 100%; border-radius: 999px; padding: 13px; text-align: center; font-weight: bold; text-decoration: none; color: #111; background: linear-gradient(90deg, #FFE083, #F5C400);\">Ver na Amazon<\/a>\n<\/div>\n<p>Confira o pre\u00e7o atual e a disponibilidade diretamente na Amazon Brasil antes de decidir.<\/p>\n<p>O <strong>adesivo vinil preto fosco envelopamento automotivo<\/strong> da marca Gen\u00e9rico \u00e9 um produto destinado a revestir e proteger superf\u00edcies lisas, especialmente ve\u00edculos. Com dimens\u00f5es de 2 metros de comprimento por 60 cent\u00edmetros de largura, este material de vinil imperme\u00e1vel oferece resist\u00eancia ao sol, chuva e desgaste natural, sendo indicado para envelopamento automotivo e outras aplica\u00e7\u00f5es como m\u00f3veis e eletrodom\u00e9sticos. Est\u00e1 classificado na categoria Ferramentas e Materiais de Constru\u00e7\u00e3o > Materiais de Pintura, Ferramentas e Tratamentos de Parede > Adesivos e Murais de Parede.<\/p>\n<h2><span class=\"ez-toc-section\" id=\"Visao_geral_do_adesivo_vinil_preto_fosco_envelopamento_automotivo\"><\/span>Vis\u00e3o geral do adesivo vinil preto fosco envelopamento automotivo<span class=\"ez-toc-section-end\"><\/span><\/h2>\n<table>\n<thead>\n<tr>\n<th>Especifica\u00e7\u00e3o<\/th>\n<th>Detalhe<\/th>\n<\/tr>\n<\/thead>\n<tbody>\n<tr>\n<td>Marca<\/td>\n<td>Gen\u00e9rico<\/td>\n<\/tr>\n<tr>\n<td>Modelo<\/td>\n<td>Generico<\/td>\n<\/tr>\n<tr>\n<td>Cor<\/td>\n<td>Preto Fosco<\/td>\n<\/tr>\n<tr>\n<td>Material<\/td>\n<td>Vinil imperme\u00e1vel<\/td>\n<\/tr>\n<tr>\n<td>Dimens\u00f5es<\/td>\n<td>2m x 60cm<\/td>\n<\/tr>\n<tr>\n<td>Compatibilidade<\/td>\n<td>Carro, moto, caminh\u00e3o, van, \u00f4nibus<\/td>\n<\/tr>\n<tr>\n<td>Dura\u00e7\u00e3o estimada<\/td>\n<td>At\u00e9 5 anos<\/td>\n<\/tr>\n<tr>\n<td>Ajuste<\/td>\n<td>Universal<\/td>\n<\/tr>\n<tr>\n<td>Ranking<\/td>\n<td>4.128 em Ferramentas e Materiais de Constru\u00e7\u00e3o, 30 em Adesivos e Murais de Parede<\/td>\n<\/tr>\n<\/tbody>\n<\/table>\n<p>As dimens\u00f5es de <strong>2 metros por 60 cent\u00edmetros<\/strong> tornam o adesivo adequado para cobrir \u00e1reas m\u00e9dias, sendo poss\u00edvel o uso em ve\u00edculos de diferentes portes, como carros e motos. O material vin\u00edlico imperme\u00e1vel garante resist\u00eancia \u00e0 umidade, evitando danos causados pela chuva ou infiltra\u00e7\u00f5es, o que \u00e9 importante para a conserva\u00e7\u00e3o da pintura original. A durabilidade estimada de at\u00e9 5 anos, indicada pelo fabricante Gen\u00e9rico, demonstra a efici\u00eancia da composi\u00e7\u00e3o para uso prolongado, desde que aplicadas t\u00e9cnicas corretas de instala\u00e7\u00e3o e manuten\u00e7\u00e3o.<\/p>\n<p>O ajuste universal amplia a versatilidade do produto, permitindo aplica\u00e7\u00e3o em diversos tipos de ve\u00edculos e superf\u00edcies lisas, al\u00e9m de m\u00f3veis e eletrodom\u00e9sticos, conforme destacado nas especifica\u00e7\u00f5es. Por fim, o posicionamento no ranking de vendas da Amazon Brasil refor\u00e7a sua aceita\u00e7\u00e3o no mercado dentro da categoria Ferramentas e Materiais de Constru\u00e7\u00e3o > Materiais de Pintura, Ferramentas e Tratamentos de Parede > Adesivos e Murais de Parede.<\/p><div id=\"ez-toc-container\" class=\"ez-toc-v2_0_82_2 counter-hierarchy ez-toc-counter ez-toc-grey ez-toc-container-direction\">\n<div class=\"ez-toc-title-container\">\n<p class=\"ez-toc-title\" style=\"cursor:inherit\">\u00cdndice<\/p>\n<span class=\"ez-toc-title-toggle\"><a href=\"#\" class=\"ez-toc-pull-right ez-toc-btn ez-toc-btn-xs ez-toc-btn-default ez-toc-toggle\" aria-label=\"Alternar tabela de conte\u00fado\"><span class=\"ez-toc-js-icon-con\"><span class=\"\"><span class=\"eztoc-hide\" style=\"display:none;\">Toggle<\/span><span class=\"ez-toc-icon-toggle-span\"><svg style=\"fill: #999;color:#999\" xmlns=\"http:\/\/www.w3.org\/2000\/svg\" class=\"list-377408\" width=\"20px\" height=\"20px\" viewBox=\"0 0 24 24\" fill=\"none\"><path d=\"M6 6H4v2h2V6zm14 0H8v2h12V6zM4 11h2v2H4v-2zm16 0H8v2h12v-2zM4 16h2v2H4v-2zm16 0H8v2h12v-2z\" fill=\"currentColor\"><\/path><\/svg><svg style=\"fill: #999;color:#999\" class=\"arrow-unsorted-368013\" xmlns=\"http:\/\/www.w3.org\/2000\/svg\" width=\"10px\" height=\"10px\" viewBox=\"0 0 24 24\" version=\"1.2\" baseProfile=\"tiny\"><path d=\"M18.2 9.3l-6.2-6.3-6.2 6.3c-.2.2-.3.4-.3.7s.1.5.3.7c.2.2.4.3.7.3h11c.3 0 .5-.1.7-.3.2-.2.3-.5.3-.7s-.1-.5-.3-.7zM5.8 14.7l6.2 6.3 6.2-6.3c.2-.2.3-.5.3-.7s-.1-.5-.3-.7c-.2-.2-.4-.3-.7-.3h-11c-.3 0-.5.1-.7.3-.2.2-.3.5-.3.7s.1.5.3.7z\"\/><\/svg><\/span><\/span><\/span><\/a><\/span><\/div>\n<nav><ul class='ez-toc-list ez-toc-list-level-1 eztoc-toggle-hide-by-default' ><li class='ez-toc-page-1 ez-toc-heading-level-2'><a class=\"ez-toc-link ez-toc-heading-1\" href=\"https:\/\/decasablog.com.br\/pintura\/vinil-preto-fosco-automotivo-2m-x-60cm-adesivo-envelopamento\/#Visao_geral_do_adesivo_vinil_preto_fosco_envelopamento_automotivo\" >Vis\u00e3o geral do adesivo vinil preto fosco envelopamento automotivo<\/a><\/li><li class='ez-toc-page-1 ez-toc-heading-level-2'><a class=\"ez-toc-link ez-toc-heading-2\" href=\"https:\/\/decasablog.com.br\/pintura\/vinil-preto-fosco-automotivo-2m-x-60cm-adesivo-envelopamento\/#Especificacoes_tecnicas_e_o_que_significam_na_pratica\" >Especifica\u00e7\u00f5es t\u00e9cnicas e o que significam na pr\u00e1tica<\/a><\/li><li class='ez-toc-page-1 ez-toc-heading-level-2'><a class=\"ez-toc-link ez-toc-heading-3\" href=\"https:\/\/decasablog.com.br\/pintura\/vinil-preto-fosco-automotivo-2m-x-60cm-adesivo-envelopamento\/#Desempenho_real_o_que_dizem_os_compradores\" >Desempenho real: o que dizem os compradores<\/a><\/li><li class='ez-toc-page-1 ez-toc-heading-level-2'><a class=\"ez-toc-link ez-toc-heading-4\" href=\"https:\/\/decasablog.com.br\/pintura\/vinil-preto-fosco-automotivo-2m-x-60cm-adesivo-envelopamento\/#Vantagens_e_pontos_de_atencao\" >Vantagens e pontos de aten\u00e7\u00e3o<\/a><\/li><li class='ez-toc-page-1 ez-toc-heading-level-2'><a class=\"ez-toc-link ez-toc-heading-5\" href=\"https:\/\/decasablog.com.br\/pintura\/vinil-preto-fosco-automotivo-2m-x-60cm-adesivo-envelopamento\/#Para_quem_este_modelo_e_indicado\" >Para quem este modelo \u00e9 indicado<\/a><\/li><li class='ez-toc-page-1 ez-toc-heading-level-2'><a class=\"ez-toc-link ez-toc-heading-6\" href=\"https:\/\/decasablog.com.br\/pintura\/vinil-preto-fosco-automotivo-2m-x-60cm-adesivo-envelopamento\/#Limpeza_manutencao_e_durabilidade\" >Limpeza, manuten\u00e7\u00e3o e durabilidade<\/a><\/li><li class='ez-toc-page-1 ez-toc-heading-level-2'><a class=\"ez-toc-link ez-toc-heading-7\" href=\"https:\/\/decasablog.com.br\/pintura\/vinil-preto-fosco-automotivo-2m-x-60cm-adesivo-envelopamento\/#Vale_a_pena_comprar_adesivo_vinil_preto_fosco_envelopamento_automotivo\" >Vale a pena comprar adesivo vinil preto fosco envelopamento automotivo?<\/a><\/li><li class='ez-toc-page-1 ez-toc-heading-level-2'><a class=\"ez-toc-link ez-toc-heading-8\" href=\"https:\/\/decasablog.com.br\/pintura\/vinil-preto-fosco-automotivo-2m-x-60cm-adesivo-envelopamento\/#Perguntas_Frequentes_sobre_adesivo_vinil_preto_fosco_envelopamento_automotivo\" >Perguntas Frequentes sobre adesivo vinil preto fosco envelopamento automotivo<\/a><ul class='ez-toc-list-level-3' ><li class='ez-toc-heading-level-3'><a class=\"ez-toc-link ez-toc-heading-9\" href=\"https:\/\/decasablog.com.br\/pintura\/vinil-preto-fosco-automotivo-2m-x-60cm-adesivo-envelopamento\/#O_adesivo_vinil_preto_fosco_pode_ser_aplicado_em_qualquer_tipo_de_veiculo\" >O adesivo vinil preto fosco pode ser aplicado em qualquer tipo de ve\u00edculo?<\/a><\/li><li class='ez-toc-page-1 ez-toc-heading-level-3'><a class=\"ez-toc-link ez-toc-heading-10\" href=\"https:\/\/decasablog.com.br\/pintura\/vinil-preto-fosco-automotivo-2m-x-60cm-adesivo-envelopamento\/#Qual_a_durabilidade_media_do_adesivo_vinil_preto_fosco\" >Qual a durabilidade m\u00e9dia do adesivo vinil preto fosco?<\/a><\/li><li class='ez-toc-page-1 ez-toc-heading-level-3'><a class=\"ez-toc-link ez-toc-heading-11\" href=\"https:\/\/decasablog.com.br\/pintura\/vinil-preto-fosco-automotivo-2m-x-60cm-adesivo-envelopamento\/#E_facil_limpar_o_adesivo_apos_a_aplicacao\" >\u00c9 f\u00e1cil limpar o adesivo ap\u00f3s a aplica\u00e7\u00e3o?<\/a><\/li><li class='ez-toc-page-1 ez-toc-heading-level-3'><a class=\"ez-toc-link ez-toc-heading-12\" href=\"https:\/\/decasablog.com.br\/pintura\/vinil-preto-fosco-automotivo-2m-x-60cm-adesivo-envelopamento\/#Este_adesivo_acompanha_pelicula_protetora_para_facilitar_a_aplicacao\" >Este adesivo acompanha pel\u00edcula protetora para facilitar a aplica\u00e7\u00e3o?<\/a><\/li><li class='ez-toc-page-1 ez-toc-heading-level-3'><a class=\"ez-toc-link ez-toc-heading-13\" href=\"https:\/\/decasablog.com.br\/pintura\/vinil-preto-fosco-automotivo-2m-x-60cm-adesivo-envelopamento\/#Posso_aplicar_o_adesivo_em_superficies_texturizadas_ou_porosas\" >Posso aplicar o adesivo em superf\u00edcies texturizadas ou porosas?<\/a><\/li><li class='ez-toc-page-1 ez-toc-heading-level-3'><a class=\"ez-toc-link ez-toc-heading-14\" href=\"https:\/\/decasablog.com.br\/pintura\/vinil-preto-fosco-automotivo-2m-x-60cm-adesivo-envelopamento\/#O_adesivo_protege_contra_sol_e_chuva\" >O adesivo protege contra sol e chuva?<\/a><\/li><li class='ez-toc-page-1 ez-toc-heading-level-3'><a class=\"ez-toc-link ez-toc-heading-15\" href=\"https:\/\/decasablog.com.br\/pintura\/vinil-preto-fosco-automotivo-2m-x-60cm-adesivo-envelopamento\/#O_adesivo_vinil_preto_fosco_pode_ser_usado_em_moveis_e_eletrodomesticos\" >O adesivo vinil preto fosco pode ser usado em m\u00f3veis e eletrodom\u00e9sticos?<\/a><\/li><li class='ez-toc-page-1 ez-toc-heading-level-3'><a class=\"ez-toc-link ez-toc-heading-16\" href=\"https:\/\/decasablog.com.br\/pintura\/vinil-preto-fosco-automotivo-2m-x-60cm-adesivo-envelopamento\/#O_adesivo_possui_certificacao_INMETRO_ou_de_seguranca\" >O adesivo possui certifica\u00e7\u00e3o INMETRO ou de seguran\u00e7a?<\/a><\/li><\/ul><\/li><\/ul><\/nav><\/div>\n\n<h2><span class=\"ez-toc-section\" id=\"Especificacoes_tecnicas_e_o_que_significam_na_pratica\"><\/span>Especifica\u00e7\u00f5es t\u00e9cnicas e o que significam na pr\u00e1tica<span class=\"ez-toc-section-end\"><\/span><\/h2>\n<table>\n<thead>\n<tr>\n<th>Especifica\u00e7\u00e3o<\/th>\n<th>Detalhe<\/th>\n<\/tr>\n<\/thead>\n<tbody>\n<tr>\n<td>Marca<\/td>\n<td>Gen\u00e9rico<\/td>\n<\/tr>\n<tr>\n<td>Modelo<\/td>\n<td>Generico<\/td>\n<\/tr>\n<tr>\n<td>Cor<\/td>\n<td>Preto Fosco<\/td>\n<\/tr>\n<tr>\n<td>Material<\/td>\n<td>Vinil imperme\u00e1vel<\/td>\n<\/tr>\n<tr>\n<td>Dimens\u00f5es<\/td>\n<td>2m x 60cm<\/td>\n<\/tr>\n<tr>\n<td>Compatibilidade<\/td>\n<td>Carro, moto, caminh\u00e3o, van, \u00f4nibus<\/td>\n<\/tr>\n<tr>\n<td>Dura\u00e7\u00e3o estimada<\/td>\n<td>At\u00e9 5 anos<\/td>\n<\/tr>\n<tr>\n<td>Ajuste<\/td>\n<td>Universal<\/td>\n<\/tr>\n<tr>\n<td>Ranking de vendas<\/td>\n<td>4.128 em Ferramentas e Materiais de Constru\u00e7\u00e3o, 30 em Adesivos e Murais de Parede<\/td>\n<\/tr>\n<\/tbody>\n<\/table>\n<p>A cor preto fosco oferece um acabamento discreto e moderno, ideal para quem deseja um visual elegante e sem brilho excessivo. O vinil imperme\u00e1vel facilita a limpeza e protege contra danos causados por \u00e1gua e sujeira, o que \u00e9 fundamental para uso externo em ve\u00edculos expostos a intemp\u00e9ries.<\/p>\n<p>Com dimens\u00f5es amplas, o adesivo permite cobrir superf\u00edcies maiores sem a necessidade de m\u00faltiplas emendas, reduzindo o risco de falhas na aplica\u00e7\u00e3o. A compatibilidade com diversos tipos de ve\u00edculos amplia a utilidade do produto, tornando-o vers\u00e1til para usu\u00e1rios com diferentes necessidades.<\/p>\n<p>A dura\u00e7\u00e3o estimada de at\u00e9 5 anos sugere que, com cuidados adequados, o adesivo mant\u00e9m suas propriedades de ader\u00eancia e resist\u00eancia por longo per\u00edodo, o que representa um bom custo-benef\u00edcio no segmento. O ajuste universal simplifica a instala\u00e7\u00e3o, j\u00e1 que \u00e9 compat\u00edvel com variados formatos e superf\u00edcies lisas.<\/p>\n<h2><span class=\"ez-toc-section\" id=\"Desempenho_real_o_que_dizem_os_compradores\"><\/span>Desempenho real: o que dizem os compradores<span class=\"ez-toc-section-end\"><\/span><\/h2>\n<p>Segundo compradores verificados na Amazon Brasil, o adesivo vinil preto fosco apresenta boa ader\u00eancia e resist\u00eancia, conforme relatos que destacam o produto como \u201cgruda bem\u201d e \u201cadesivo resistente e grosso\u201d. Parte das avalia\u00e7\u00f5es menciona a facilidade de aplica\u00e7\u00e3o em superf\u00edcies lisas e a qualidade do acabamento preto fosco, que atende \u00e0s expectativas para envelopamento automotivo.<\/p>\n<p>Relatos tamb\u00e9m indicam que o adesivo \u00e9 eficiente para uso em arm\u00e1rios e outros m\u00f3veis, evidenciando sua versatilidade al\u00e9m do contexto automotivo. A avalia\u00e7\u00e3o m\u00e9dia de 4,5 estrelas refor\u00e7a a satisfa\u00e7\u00e3o dos usu\u00e1rios com o desempenho do produto dentro da categoria Ferramentas e Materiais de Constru\u00e7\u00e3o > Materiais de Pintura, Ferramentas e Tratamentos de Parede > Adesivos e Murais de Parede.<\/p>\n<p>Por outro lado, algumas cr\u00edticas apontam problemas relacionados a envio incorreto de produtos em casos isolados, o que n\u00e3o est\u00e1 ligado \u00e0 qualidade do adesivo em si, mas \u00e0 log\u00edstica do vendedor. Esse aspecto deve ser considerado, mas n\u00e3o interfere diretamente na an\u00e1lise do desempenho do adesivo.<\/p>\n<h2><span class=\"ez-toc-section\" id=\"Vantagens_e_pontos_de_atencao\"><\/span>Vantagens e pontos de aten\u00e7\u00e3o<span class=\"ez-toc-section-end\"><\/span><\/h2>\n<table>\n<thead>\n<tr>\n<th>Vantagens<\/th>\n<th>Desvantagens<\/th>\n<\/tr>\n<\/thead>\n<tbody>\n<tr>\n<td>\u2714 Boa ader\u00eancia e resist\u00eancia conforme avalia\u00e7\u00f5es<\/td>\n<td>\u2718 Aplica\u00e7\u00e3o n\u00e3o indicada em superf\u00edcies porosas ou texturizadas<\/td>\n<\/tr>\n<tr>\n<td>\u2714 Durabilidade estimada de at\u00e9 5 anos com cuidados<\/td>\n<td>\u2718 N\u00e3o acompanha pel\u00edcula de prote\u00e7\u00e3o para facilitar aplica\u00e7\u00e3o<\/td>\n<\/tr>\n<tr>\n<td>\u2714 Vers\u00e1til para autom\u00f3veis, m\u00f3veis e eletrodom\u00e9sticos<\/td>\n<td>\u2718 Problemas de log\u00edstica citados por alguns consumidores<\/td>\n<\/tr>\n<tr>\n<td>\u2714 Acabamento preto fosco moderno e discreto<\/td>\n<td>\u2718 N\u00e3o recomendado para \u00e1reas \u00famidas ou com bolor<\/td>\n<\/tr>\n<tr>\n<td>\u2714 Compatibilidade universal para diversos ve\u00edculos<\/td>\n<td>\u2718 Pode descolar se aplicado em superf\u00edcies irregulares<\/td>\n<\/tr>\n<\/tbody>\n<\/table>\n<h2><span class=\"ez-toc-section\" id=\"Para_quem_este_modelo_e_indicado\"><\/span>Para quem este modelo \u00e9 indicado<span class=\"ez-toc-section-end\"><\/span><\/h2>\n<p>Este adesivo vinil preto fosco \u00e9 indicado para consumidores que precisam de uma solu\u00e7\u00e3o pr\u00e1tica para envelopamento automotivo em ve\u00edculos como carros, motos e caminh\u00f5es, especialmente para quem busca prote\u00e7\u00e3o contra sol e chuva com boa durabilidade. Tamb\u00e9m atende quem deseja renovar m\u00f3veis e eletrodom\u00e9sticos com acabamento discreto.<\/p>\n<p>Este produto \u00e9 mais indicado do que adesivos com menor largura quando o objetivo \u00e9 cobrir superf\u00edcies m\u00e9dias a grandes com menos emendas, facilitando a aplica\u00e7\u00e3o. Por outro lado, n\u00e3o \u00e9 recomendado para usu\u00e1rios que pretendem aplicar em superf\u00edcies r\u00fasticas, porosas ou expostas \u00e0 umidade constante, pois isso compromete a ader\u00eancia e a durabilidade.<\/p>\n<p>Consumidores que buscam adesivos com pel\u00edcula protetora para facilitar a instala\u00e7\u00e3o podem n\u00e3o encontrar este modelo ideal, j\u00e1 que n\u00e3o acompanha essa caracter\u00edstica. Tamb\u00e9m, aqueles que necessitam de certifica\u00e7\u00f5es espec\u00edficas de seguran\u00e7a ou energia devem considerar outros produtos, pois estas informa\u00e7\u00f5es n\u00e3o est\u00e3o dispon\u00edveis para este adesivo.<\/p>\n<h2><span class=\"ez-toc-section\" id=\"Limpeza_manutencao_e_durabilidade\"><\/span>Limpeza, manuten\u00e7\u00e3o e durabilidade<span class=\"ez-toc-section-end\"><\/span><\/h2>\n<p>Devido ao material vin\u00edlico imperme\u00e1vel, a limpeza do adesivo vinil preto fosco \u00e9 simples e pode ser feita com sab\u00e3o neutro, evitando produtos qu\u00edmicos agressivos que podem comprometer a ader\u00eancia. Segundo avalia\u00e7\u00f5es, recomenda-se evitar atritos constantes para preservar o acabamento e prolongar a vida \u00fatil.<\/p>\n<p>A durabilidade estimada em at\u00e9 5 anos depende da t\u00e9cnica de aplica\u00e7\u00e3o e dos cuidados p\u00f3s-instala\u00e7\u00e3o. A limpeza adequada, evitando umidade e superf\u00edcies texturizadas, contribui para manter a integridade do adesivo no dia a dia. Vale lembrar que o fabricante Gen\u00e9rico n\u00e3o informa garantia formal, o que refor\u00e7a a import\u00e2ncia do cuidado na aplica\u00e7\u00e3o e manuten\u00e7\u00e3o.<\/p>\n<h2><span class=\"ez-toc-section\" id=\"Vale_a_pena_comprar_adesivo_vinil_preto_fosco_envelopamento_automotivo\"><\/span>Vale a pena comprar adesivo vinil preto fosco envelopamento automotivo?<span class=\"ez-toc-section-end\"><\/span><\/h2>\n<p>Considerando a avalia\u00e7\u00e3o m\u00e9dia de <strong>4.5 estrelas<\/strong>, as especifica\u00e7\u00f5es t\u00e9cnicas e o feedback de consumidores, o adesivo vinil preto fosco Gen\u00e9rico (ASIN B0CGF8X459) oferece um bom custo-benef\u00edcio para quem busca prote\u00e7\u00e3o e renova\u00e7\u00e3o visual em superf\u00edcies lisas automotivas e dom\u00e9sticas. Sua durabilidade de at\u00e9 5 anos e compatibilidade com diferentes ve\u00edculos refor\u00e7am sua funcionalidade pr\u00e1tica. Para conferir o pre\u00e7o atual e garantir a compra com seguran\u00e7a, recomenda-se acessar o link oficial na Amazon Brasil por meio do bot\u00e3o abaixo, onde \u00e9 poss\u00edvel verificar disponibilidade e condi\u00e7\u00f5es atualizadas.<\/p>\n<div style=\"background: white; border: 1px solid #e0e0e0; border-radius: 8px; padding: 16px; width: 100%; box-shadow: 0 2px 6px rgba(0,0,0,0.06); margin: 16px 0;\">\n<img decoding=\"async\" src=\"https:\/\/m.media-amazon.com\/images\/I\/71sW6rameoL._AC_SL1500_.jpg\" width=\"100%\" style=\"border-radius: 8px; margin-bottom: 12px; display: block;\" alt=\"Adesivo Vinil Preto Fosco Envelopamento Automotivo 2m x 60cm\"\/>\n<a href=\"https:\/\/amazon.com.br\/dp\/B0CGF8X459?tag=tinta01-20\" target=\"_blank\" rel=\"noopener sponsored\" style=\"display: block; width: 100%; border-radius: 999px; padding: 13px; text-align: center; font-weight: bold; text-decoration: none; color: #111; background: linear-gradient(90deg, #FFE083, #F5C400);\">Ver na Amazon<\/a>\n<\/div>\n<p><small>Pre\u00e7os e disponibilidade podem alterar sem aviso pr\u00e9vio. Este conte\u00fado \u00e9 informativo e n\u00e3o constitui recomenda\u00e7\u00e3o de compra. Verifique as condi\u00e7\u00f5es atualizadas diretamente na Amazon Brasil antes de finalizar sua compra.<\/small><\/p>\n<h2><span class=\"ez-toc-section\" id=\"Perguntas_Frequentes_sobre_adesivo_vinil_preto_fosco_envelopamento_automotivo\"><\/span>Perguntas Frequentes sobre adesivo vinil preto fosco envelopamento automotivo<span class=\"ez-toc-section-end\"><\/span><\/h2>\n<div style=\"margin-bottom:1.5rem;\">\n<h3><span class=\"ez-toc-section\" id=\"O_adesivo_vinil_preto_fosco_pode_ser_aplicado_em_qualquer_tipo_de_veiculo\"><\/span>O adesivo vinil preto fosco pode ser aplicado em qualquer tipo de ve\u00edculo?<span class=\"ez-toc-section-end\"><\/span><\/h3>\n<p>Sim, o adesivo possui ajuste universal e \u00e9 compat\u00edvel com carros, motos, caminh\u00f5es, vans e \u00f4nibus.<\/p>\n<p>Contudo, a aplica\u00e7\u00e3o deve ser feita em superf\u00edcies lisas para garantir ader\u00eancia e durabilidade.<\/p>\n<\/div>\n<div style=\"margin-bottom:1.5rem;\">\n<h3><span class=\"ez-toc-section\" id=\"Qual_a_durabilidade_media_do_adesivo_vinil_preto_fosco\"><\/span>Qual a durabilidade m\u00e9dia do adesivo vinil preto fosco?<span class=\"ez-toc-section-end\"><\/span><\/h3>\n<p>A durabilidade estimada \u00e9 de at\u00e9 5 anos, conforme especifica\u00e7\u00f5es do fabricante Gen\u00e9rico.<\/p>\n<p>Esse per\u00edodo pode variar de acordo com a t\u00e9cnica de aplica\u00e7\u00e3o e cuidados posteriores.<\/p>\n<\/div>\n<div style=\"margin-bottom:1.5rem;\">\n<h3><span class=\"ez-toc-section\" id=\"E_facil_limpar_o_adesivo_apos_a_aplicacao\"><\/span>\u00c9 f\u00e1cil limpar o adesivo ap\u00f3s a aplica\u00e7\u00e3o?<span class=\"ez-toc-section-end\"><\/span><\/h3>\n<p>Sim, o material vin\u00edlico \u00e9 imperme\u00e1vel e pode ser limpo com sab\u00e3o neutro e \u00e1gua.<\/p>\n<p>Evitar produtos qu\u00edmicos agressivos ajuda a manter a integridade do acabamento.<\/p>\n<\/div>\n<div style=\"margin-bottom:1.5rem;\">\n<h3><span class=\"ez-toc-section\" id=\"Este_adesivo_acompanha_pelicula_protetora_para_facilitar_a_aplicacao\"><\/span>Este adesivo acompanha pel\u00edcula protetora para facilitar a aplica\u00e7\u00e3o?<span class=\"ez-toc-section-end\"><\/span><\/h3>\n<p>N\u00e3o, o produto n\u00e3o vem com pel\u00edcula de prote\u00e7\u00e3o, o que exige cuidado extra na instala\u00e7\u00e3o.<\/p>\n<p>Por isso, recomenda-se seguir as instru\u00e7\u00f5es de limpeza e superf\u00edcie antes da aplica\u00e7\u00e3o.<\/p>\n<\/div>\n<div style=\"margin-bottom:1.5rem;\">\n<h3><span class=\"ez-toc-section\" id=\"Posso_aplicar_o_adesivo_em_superficies_texturizadas_ou_porosas\"><\/span>Posso aplicar o adesivo em superf\u00edcies texturizadas ou porosas?<span class=\"ez-toc-section-end\"><\/span><\/h3>\n<p>N\u00e3o, o adesivo n\u00e3o \u00e9 recomendado para superf\u00edcies r\u00fasticas, porosas, grafiato ou \u00famidas.<\/p>\n<p>Aplica\u00e7\u00f5es nessas superf\u00edcies podem causar descolamento ou rasgos no material.<\/p>\n<\/div>\n<div style=\"margin-bottom:1.5rem;\">\n<h3><span class=\"ez-toc-section\" id=\"O_adesivo_protege_contra_sol_e_chuva\"><\/span>O adesivo protege contra sol e chuva?<span class=\"ez-toc-section-end\"><\/span><\/h3>\n<p>Sim, o vinil \u00e9 resistente ao sol e \u00e0 chuva, ideal para envelopamento externo de ve\u00edculos.<\/p>\n<p>Essa resist\u00eancia contribui para a durabilidade estimada de at\u00e9 5 anos.<\/p>\n<\/div>\n<div style=\"margin-bottom:1.5rem;\">\n<h3><span class=\"ez-toc-section\" id=\"O_adesivo_vinil_preto_fosco_pode_ser_usado_em_moveis_e_eletrodomesticos\"><\/span>O adesivo vinil preto fosco pode ser usado em m\u00f3veis e eletrodom\u00e9sticos?<span class=\"ez-toc-section-end\"><\/span><\/h3>\n<p>Sim, al\u00e9m de aplica\u00e7\u00f5es automotivas, \u00e9 indicado para revestir m\u00f3veis, geladeiras, fog\u00f5es e outras superf\u00edcies lisas.<\/p>\n<p>Assim, oferece versatilidade para renova\u00e7\u00e3o e prote\u00e7\u00e3o em diferentes ambientes.<\/p>\n<\/div>\n<div style=\"margin-bottom:1.5rem;\">\n<h3><span class=\"ez-toc-section\" id=\"O_adesivo_possui_certificacao_INMETRO_ou_de_seguranca\"><\/span>O adesivo possui certifica\u00e7\u00e3o INMETRO ou de seguran\u00e7a?<span class=\"ez-toc-section-end\"><\/span><\/h3>\n<p>N\u00e3o h\u00e1 informa\u00e7\u00f5es dispon\u00edveis sobre certifica\u00e7\u00f5es INMETRO ou similares para este produto.<\/p>\n<p>Portanto, recomenda-se analisar a compatibilidade de uso conforme as especifica\u00e7\u00f5es t\u00e9cnicas.<\/p>\n<\/div>\n<p><script type=\"application\/ld+json\">{\"@context\":\"https:\/\/schema.org\",\"@type\":\"FAQPage\",\"mainEntity\":[{\"@type\":\"Question\",\"name\":\"O adesivo vinil preto fosco pode ser aplicado em qualquer tipo de ve\u00edculo?\",\"acceptedAnswer\":{\"@type\":\"Answer\",\"text\":\"Sim, o adesivo possui ajuste universal e \u00e9 compat\u00edvel com carros, motos, caminh\u00f5es, vans e \u00f4nibus. Contudo, a aplica\u00e7\u00e3o deve ser feita em superf\u00edcies lisas para garantir ader\u00eancia e durabilidade.\"}},{\"@type\":\"Question\",\"name\":\"Qual a durabilidade m\u00e9dia do adesivo vinil preto fosco?\",\"acceptedAnswer\":{\"@type\":\"Answer\",\"text\":\"A durabilidade estimada \u00e9 de at\u00e9 5 anos, conforme especifica\u00e7\u00f5es do fabricante Gen\u00e9rico. Esse per\u00edodo pode variar de acordo com a t\u00e9cnica de aplica\u00e7\u00e3o e cuidados posteriores.\"}},{\"@type\":\"Question\",\"name\":\"\u00c9 f\u00e1cil limpar o adesivo ap\u00f3s a aplica\u00e7\u00e3o?\",\"acceptedAnswer\":{\"@type\":\"Answer\",\"text\":\"Sim, o material vin\u00edlico \u00e9 imperme\u00e1vel e pode ser limpo com sab\u00e3o neutro e \u00e1gua. Evitar produtos qu\u00edmicos agressivos ajuda a manter a integridade do acabamento.\"}},{\"@type\":\"Question\",\"name\":\"Este adesivo acompanha pel\u00edcula protetora para facilitar a aplica\u00e7\u00e3o?\",\"acceptedAnswer\":{\"@type\":\"Answer\",\"text\":\"N\u00e3o, o produto n\u00e3o vem com pel\u00edcula de prote\u00e7\u00e3o, o que exige cuidado extra na instala\u00e7\u00e3o. Por isso, recomenda-se seguir as instru\u00e7\u00f5es de limpeza e superf\u00edcie antes da aplica\u00e7\u00e3o.\"}},{\"@type\":\"Question\",\"name\":\"Posso aplicar o adesivo em superf\u00edcies texturizadas ou porosas?\",\"acceptedAnswer\":{\"@type\":\"Answer\",\"text\":\"N\u00e3o, o adesivo n\u00e3o \u00e9 recomendado para superf\u00edcies r\u00fasticas, porosas, grafiato ou \u00famidas. Aplica\u00e7\u00f5es nessas superf\u00edcies podem causar descolamento ou rasgos no material.\"}},{\"@type\":\"Question\",\"name\":\"O adesivo protege contra sol e chuva?\",\"acceptedAnswer\":{\"@type\":\"Answer\",\"text\":\"Sim, o vinil \u00e9 resistente ao sol e \u00e0 chuva, ideal para envelopamento externo de ve\u00edculos. Essa resist\u00eancia contribui para a durabilidade estimada de at\u00e9 5 anos.\"}},{\"@type\":\"Question\",\"name\":\"O adesivo vinil preto fosco pode ser usado em m\u00f3veis e eletrodom\u00e9sticos?\",\"acceptedAnswer\":{\"@type\":\"Answer\",\"text\":\"Sim, al\u00e9m de aplica\u00e7\u00f5es automotivas, \u00e9 indicado para revestir m\u00f3veis, geladeiras, fog\u00f5es e outras superf\u00edcies lisas. Assim, oferece versatilidade para renova\u00e7\u00e3o e prote\u00e7\u00e3o em diferentes ambientes.\"}},{\"@type\":\"Question\",\"name\":\"O adesivo possui certifica\u00e7\u00e3o INMETRO ou de seguran\u00e7a?\",\"acceptedAnswer\":{\"@type\":\"Answer\",\"text\":\"N\u00e3o h\u00e1 informa\u00e7\u00f5es dispon\u00edveis sobre certifica\u00e7\u00f5es INMETRO ou similares para este produto. Portanto, recomenda-se analisar a compatibilidade de uso conforme as especifica\u00e7\u00f5es t\u00e9cnicas.\"}}]}<\/script><\/p>\n<p><script type=\"application\/ld+json\">{\"@context\":\"https:\/\/schema.org\",\"@type\":\"Product\",\"name\":\"Adesivo Vinil Preto Fosco Envelopamento Automotivo 2m x 60cm\",\"brand\":{\"@type\":\"Brand\",\"name\":\"Gen\u00e9rico\"},\"sku\":\"B0CGF8X459\",\"offers\":{\"@type\":\"Offer\",\"url\":\"https:\/\/amazon.com.br\/dp\/B0CGF8X459?tag=tinta01-20\",\"price\":\"36.90\",\"priceCurrency\":\"BRL\",\"priceValidUntil\":\"\"},\"aggregateRating\":{\"@type\":\"AggregateRating\",\"ratingValue\":\"4.5\",\"bestRating\":\"5\",\"worstRating\":\"1\"}}<\/script><\/p>\n<p><!-- ================================================== --><\/p>\n","protected":false},"excerpt":{"rendered":"<p>O adesivo vinil preto fosco envelopamento automotivo \u00e9 uma solu\u00e7\u00e3o pr\u00e1tica e vers\u00e1til para quem deseja renovar ou proteger a [&hellip;]<\/p>\n","protected":false},"author":1,"featured_media":1395,"comment_status":"open","ping_status":"open","sticky":false,"template":"","format":"standard","meta":{"site-sidebar-layout":"default","site-content-layout":"","ast-site-content-layout":"default","site-content-style":"default","site-sidebar-style":"default","ast-global-header-display":"","ast-banner-title-visibility":"","ast-main-header-display":"","ast-hfb-above-header-display":"","ast-hfb-below-header-display":"","ast-hfb-mobile-header-display":"","site-post-title":"","ast-breadcrumbs-content":"","ast-featured-img":"","footer-sml-layout":"","ast-disable-related-posts":"","theme-transparent-header-meta":"","adv-header-id-meta":"","stick-header-meta":"","header-above-stick-meta":"","header-main-stick-meta":"","header-below-stick-meta":"","astra-migrate-meta-layouts":"default","ast-page-background-enabled":"default","ast-page-background-meta":{"desktop":{"background-color":"var(--ast-global-color-5)","background-image":"","background-repeat":"repeat","background-position":"center center","background-size":"auto","background-attachment":"scroll","background-type":"","background-media":"","overlay-type":"","overlay-color":"","overlay-opacity":"","overlay-gradient":""},"tablet":{"background-color":"","background-image":"","background-repeat":"repeat","background-position":"center center","background-size":"auto","background-attachment":"scroll","background-type":"","background-media":"","overlay-type":"","overlay-color":"","overlay-opacity":"","overlay-gradient":""},"mobile":{"background-color":"","background-image":"","background-repeat":"repeat","background-position":"center center","background-size":"auto","background-attachment":"scroll","background-type":"","background-media":"","overlay-type":"","overlay-color":"","overlay-opacity":"","overlay-gradient":""}},"ast-content-background-meta":{"desktop":{"background-color":"var(--ast-global-color-4)","background-image":"","background-repeat":"repeat","background-position":"center center","background-size":"auto","background-attachment":"scroll","background-type":"","background-media":"","overlay-type":"","overlay-color":"","overlay-opacity":"","overlay-gradient":""},"tablet":{"background-color":"var(--ast-global-color-4)","background-image":"","background-repeat":"repeat","background-position":"center center","background-size":"auto","background-attachment":"scroll","background-type":"","background-media":"","overlay-type":"","overlay-color":"","overlay-opacity":"","overlay-gradient":""},"mobile":{"background-color":"var(--ast-global-color-4)","background-image":"","background-repeat":"repeat","background-position":"center center","background-size":"auto","background-attachment":"scroll","background-type":"","background-media":"","overlay-type":"","overlay-color":"","overlay-opacity":"","overlay-gradient":""}},"fifu_image_url":"https:\/\/m.media-amazon.com\/images\/I\/71sW6rameoL._AC_SL1500_.jpg","fifu_image_alt":"","footnotes":""},"categories":[37],"tags":[],"class_list":["post-1394","post","type-post","status-publish","format-standard","has-post-thumbnail","hentry","category-materiais-de-pintura-ferramentas-e-tratamentos-de-parede"],"_links":{"self":[{"href":"https:\/\/decasablog.com.br\/pintura\/wp-json\/wp\/v2\/posts\/1394","targetHints":{"allow":["GET"]}}],"collection":[{"href":"https:\/\/decasablog.com.br\/pintura\/wp-json\/wp\/v2\/posts"}],"about":[{"href":"https:\/\/decasablog.com.br\/pintura\/wp-json\/wp\/v2\/types\/post"}],"author":[{"embeddable":true,"href":"https:\/\/decasablog.com.br\/pintura\/wp-json\/wp\/v2\/users\/1"}],"replies":[{"embeddable":true,"href":"https:\/\/decasablog.com.br\/pintura\/wp-json\/wp\/v2\/comments?post=1394"}],"version-history":[{"count":0,"href":"https:\/\/decasablog.com.br\/pintura\/wp-json\/wp\/v2\/posts\/1394\/revisions"}],"wp:featuredmedia":[{"embeddable":true,"href":"https:\/\/decasablog.com.br\/pintura\/wp-json\/wp\/v2\/media\/1395"}],"wp:attachment":[{"href":"https:\/\/decasablog.com.br\/pintura\/wp-json\/wp\/v2\/media?parent=1394"}],"wp:term":[{"taxonomy":"category","embeddable":true,"href":"https:\/\/decasablog.com.br\/pintura\/wp-json\/wp\/v2\/categories?post=1394"},{"taxonomy":"post_tag","embeddable":true,"href":"https:\/\/decasablog.com.br\/pintura\/wp-json\/wp\/v2\/tags?post=1394"}],"curies":[{"name":"wp","href":"https:\/\/api.w.org\/{rel}","templated":true}]}}